{"id":2794,"date":"2022-10-06T21:47:14","date_gmt":"2022-10-06T21:47:14","guid":{"rendered":"http:\/\/www.santaana.gob.ar\/home\/?p=2794"},"modified":"2022-10-06T21:47:14","modified_gmt":"2022-10-06T21:47:14","slug":"recoleccion-de-residuos-fin-de-semana-largo","status":"publish","type":"post","link":"http:\/\/www.santaana.gob.ar\/home\/2022\/10\/06\/recoleccion-de-residuos-fin-de-semana-largo\/","title":{"rendered":"RECOLECCI\u00d3N DE RESIDUOS FIN DE SEMANA LARGO"},"content":{"rendered":"<p>RECOLECCI\u00d3N DE RESIDUOS PARA EL FIN DE SEMANA LARGO \u267b\ufe0f<br \/>\n\u2139 La Direcci\u00f3n de Obras y Servicios P\u00fablicos de la Municipalidad de Santa Ana informa que los d\u00edas viernes y lunes, feriados nacionales, la recolecci\u00f3n de residuos en la planta urbana y loteos tur\u00edsticos ubicados en la zona borde de lago se realizar\u00e1 en forma normal y en sus horarios habituales.<\/p>\n","protected":false},"excerpt":{"rendered":"<p>RECOLECCI\u00d3N DE RESIDUOS PARA EL FIN DE SEMANA LARGO \u267b\ufe0f \u2139 La Direcci\u00f3n de Obras y Servicios P\u00fablicos de la Municipalidad de Santa Ana informa que los d\u00edas viernes y lunes, feriados nacionales, la recolecci\u00f3n de residuos en la planta urbana y loteos tur\u00edsticos ubicados en la zona borde de lago se realizar\u00e1 en forma<a class=\"moretag\" href=\"http:\/\/www.santaana.gob.ar\/home\/2022\/10\/06\/recoleccion-de-residuos-fin-de-semana-largo\/\"><span class=\"screen-reader-text\">Leer m\u00e1s sobre RECOLECCI\u00d3N DE RESIDUOS FIN DE SEMANA LARGO<\/span>[&#8230;]<\/a><\/p>\n","protected":false},"author":1,"featured_media":2795,"comment_status":"open","ping_status":"open","sticky":false,"template":"","format":"standard","meta":{"footnotes":""},"categories":[1],"tags":[],"class_list":["post-2794","post","type-post","status-publish","format-standard","has-post-thumbnail","hentry","category-noticias"],"_links":{"self":[{"href":"http:\/\/www.santaana.gob.ar\/home\/wp-json\/wp\/v2\/posts\/2794","targetHints":{"allow":["GET"]}}],"collection":[{"href":"http:\/\/www.santaana.gob.ar\/home\/wp-json\/wp\/v2\/posts"}],"about":[{"href":"http:\/\/www.santaana.gob.ar\/home\/wp-json\/wp\/v2\/types\/post"}],"author":[{"embeddable":true,"href":"http:\/\/www.santaana.gob.ar\/home\/wp-json\/wp\/v2\/users\/1"}],"replies":[{"embeddable":true,"href":"http:\/\/www.santaana.gob.ar\/home\/wp-json\/wp\/v2\/comments?post=2794"}],"version-history":[{"count":1,"href":"http:\/\/www.santaana.gob.ar\/home\/wp-json\/wp\/v2\/posts\/2794\/revisions"}],"predecessor-version":[{"id":2796,"href":"http:\/\/www.santaana.gob.ar\/home\/wp-json\/wp\/v2\/posts\/2794\/revisions\/2796"}],"wp:featuredmedia":[{"embeddable":true,"href":"http:\/\/www.santaana.gob.ar\/home\/wp-json\/wp\/v2\/media\/2795"}],"wp:attachment":[{"href":"http:\/\/www.santaana.gob.ar\/home\/wp-json\/wp\/v2\/media?parent=2794"}],"wp:term":[{"taxonomy":"category","embeddable":true,"href":"http:\/\/www.santaana.gob.ar\/home\/wp-json\/wp\/v2\/categories?post=2794"},{"taxonomy":"post_tag","embeddable":true,"href":"http:\/\/www.santaana.gob.ar\/home\/wp-json\/wp\/v2\/tags?post=2794"}],"curies":[{"name":"wp","href":"https:\/\/api.w.org\/{rel}","templated":true}]}}