{"id":2787,"date":"2022-10-03T15:04:36","date_gmt":"2022-10-03T15:04:36","guid":{"rendered":"http:\/\/www.santaana.gob.ar\/home\/?p=2787"},"modified":"2022-10-03T15:04:36","modified_gmt":"2022-10-03T15:04:36","slug":"maraton-de-santa-ana","status":"publish","type":"post","link":"http:\/\/www.santaana.gob.ar\/home\/2022\/10\/03\/maraton-de-santa-ana\/","title":{"rendered":"MARAT\u00d3N DE SANTA ANA"},"content":{"rendered":"<p>SE CORRI\u00d3 LA S\u00c9PTIMA EDICI\u00d3N DE LA MARAT\u00d3N DE SANTA ANA<br \/>\n\u25aa\ufe0f Este domingo 02 de octubre, en el marco del 125\u00b0 aniversario de la fundaci\u00f3n de nuestra localidad y con la participaci\u00f3n de 303 atletas, se corri\u00f3 la tradicional marat\u00f3n de nuestra ciudad.<br \/>\n\ud83d\udcaa Como cada a\u00f1o Santa Ana con su atractivo circuito y sus bellezas naturales sigue siendo la elegida por los atletas para esta prueba deportiva.<br \/>\n\ud83d\udc4f \u00a1Felicitaciones para todos los que participaron!<\/p>\n","protected":false},"excerpt":{"rendered":"<p>SE CORRI\u00d3 LA S\u00c9PTIMA EDICI\u00d3N DE LA MARAT\u00d3N DE SANTA ANA \u25aa\ufe0f Este domingo 02 de octubre, en el marco del 125\u00b0 aniversario de la fundaci\u00f3n de nuestra localidad y con la participaci\u00f3n de 303 atletas, se corri\u00f3 la tradicional marat\u00f3n de nuestra ciudad. \ud83d\udcaa Como cada a\u00f1o Santa Ana con su atractivo circuito y<a class=\"moretag\" href=\"http:\/\/www.santaana.gob.ar\/home\/2022\/10\/03\/maraton-de-santa-ana\/\"><span class=\"screen-reader-text\">Leer m\u00e1s sobre MARAT\u00d3N DE SANTA ANA<\/span>[&#8230;]<\/a><\/p>\n","protected":false},"author":1,"featured_media":2788,"comment_status":"open","ping_status":"open","sticky":false,"template":"","format":"standard","meta":{"footnotes":""},"categories":[1],"tags":[],"class_list":["post-2787","post","type-post","status-publish","format-standard","has-post-thumbnail","hentry","category-noticias"],"_links":{"self":[{"href":"http:\/\/www.santaana.gob.ar\/home\/wp-json\/wp\/v2\/posts\/2787","targetHints":{"allow":["GET"]}}],"collection":[{"href":"http:\/\/www.santaana.gob.ar\/home\/wp-json\/wp\/v2\/posts"}],"about":[{"href":"http:\/\/www.santaana.gob.ar\/home\/wp-json\/wp\/v2\/types\/post"}],"author":[{"embeddable":true,"href":"http:\/\/www.santaana.gob.ar\/home\/wp-json\/wp\/v2\/users\/1"}],"replies":[{"embeddable":true,"href":"http:\/\/www.santaana.gob.ar\/home\/wp-json\/wp\/v2\/comments?post=2787"}],"version-history":[{"count":1,"href":"http:\/\/www.santaana.gob.ar\/home\/wp-json\/wp\/v2\/posts\/2787\/revisions"}],"predecessor-version":[{"id":2789,"href":"http:\/\/www.santaana.gob.ar\/home\/wp-json\/wp\/v2\/posts\/2787\/revisions\/2789"}],"wp:featuredmedia":[{"embeddable":true,"href":"http:\/\/www.santaana.gob.ar\/home\/wp-json\/wp\/v2\/media\/2788"}],"wp:attachment":[{"href":"http:\/\/www.santaana.gob.ar\/home\/wp-json\/wp\/v2\/media?parent=2787"}],"wp:term":[{"taxonomy":"category","embeddable":true,"href":"http:\/\/www.santaana.gob.ar\/home\/wp-json\/wp\/v2\/categories?post=2787"},{"taxonomy":"post_tag","embeddable":true,"href":"http:\/\/www.santaana.gob.ar\/home\/wp-json\/wp\/v2\/tags?post=2787"}],"curies":[{"name":"wp","href":"https:\/\/api.w.org\/{rel}","templated":true}]}}