{"id":2784,"date":"2022-09-30T12:37:43","date_gmt":"2022-09-30T12:37:43","guid":{"rendered":"http:\/\/www.santaana.gob.ar\/home\/?p=2784"},"modified":"2022-09-30T12:37:43","modified_gmt":"2022-09-30T12:37:43","slug":"inauguracion-colonia-recreativa-en-santa-ana","status":"publish","type":"post","link":"http:\/\/www.santaana.gob.ar\/home\/2022\/09\/30\/inauguracion-colonia-recreativa-en-santa-ana\/","title":{"rendered":"INAUGURACI\u00d3N COLONIA RECREATIVA EN SANTA ANA"},"content":{"rendered":"<p>Este mi\u00e9rcoles el Coordinador del Departamento de Pol\u00edticas Sociales de la unidad de gesti\u00f3n local de PAMI, Prof. Leandro Trupiano, hizo entrega al Intendente Rogelio Zanandrea de la Resoluci\u00f3n N\u00b0585 a trav\u00e9s de la cual queda aprobado el proyecto presentado por la Municipalidad de Santa Ana para el desarrollo de las Colonias Recreativas en nuestra localidad.<br \/>\n\ud83d\ude4c El objetivo de este programa es lograr la integridad psico-fisica de los participantes promoviendo su autorrealizacion, independencia, autonom\u00eda e inclusi\u00f3n en la comunidad.<br \/>\n\u25aa\ufe0f Fueron parte de este encuentro las Licenciadas en Trabajo Social Florencia Scattone, Paola Contavalle y Martin Berterame, referentes de relaci\u00f3n con las organizaciones, y por parte de la Municipalidad participaron el Viceintendente Horacio Moreira y la Directora de Acci\u00f3n Social Milena Rolando.<\/p>\n","protected":false},"excerpt":{"rendered":"<p>Este mi\u00e9rcoles el Coordinador del Departamento de Pol\u00edticas Sociales de la unidad de gesti\u00f3n local de PAMI, Prof. Leandro Trupiano, hizo entrega al Intendente Rogelio Zanandrea de la Resoluci\u00f3n N\u00b0585 a trav\u00e9s de la cual queda aprobado el proyecto presentado por la Municipalidad de Santa Ana para el desarrollo de las Colonias Recreativas en nuestra<a class=\"moretag\" href=\"http:\/\/www.santaana.gob.ar\/home\/2022\/09\/30\/inauguracion-colonia-recreativa-en-santa-ana\/\"><span class=\"screen-reader-text\">Leer m\u00e1s sobre INAUGURACI\u00d3N COLONIA RECREATIVA EN SANTA ANA<\/span>[&#8230;]<\/a><\/p>\n","protected":false},"author":1,"featured_media":2785,"comment_status":"open","ping_status":"open","sticky":false,"template":"","format":"standard","meta":{"footnotes":""},"categories":[1],"tags":[],"class_list":["post-2784","post","type-post","status-publish","format-standard","has-post-thumbnail","hentry","category-noticias"],"_links":{"self":[{"href":"http:\/\/www.santaana.gob.ar\/home\/wp-json\/wp\/v2\/posts\/2784","targetHints":{"allow":["GET"]}}],"collection":[{"href":"http:\/\/www.santaana.gob.ar\/home\/wp-json\/wp\/v2\/posts"}],"about":[{"href":"http:\/\/www.santaana.gob.ar\/home\/wp-json\/wp\/v2\/types\/post"}],"author":[{"embeddable":true,"href":"http:\/\/www.santaana.gob.ar\/home\/wp-json\/wp\/v2\/users\/1"}],"replies":[{"embeddable":true,"href":"http:\/\/www.santaana.gob.ar\/home\/wp-json\/wp\/v2\/comments?post=2784"}],"version-history":[{"count":1,"href":"http:\/\/www.santaana.gob.ar\/home\/wp-json\/wp\/v2\/posts\/2784\/revisions"}],"predecessor-version":[{"id":2786,"href":"http:\/\/www.santaana.gob.ar\/home\/wp-json\/wp\/v2\/posts\/2784\/revisions\/2786"}],"wp:featuredmedia":[{"embeddable":true,"href":"http:\/\/www.santaana.gob.ar\/home\/wp-json\/wp\/v2\/media\/2785"}],"wp:attachment":[{"href":"http:\/\/www.santaana.gob.ar\/home\/wp-json\/wp\/v2\/media?parent=2784"}],"wp:term":[{"taxonomy":"category","embeddable":true,"href":"http:\/\/www.santaana.gob.ar\/home\/wp-json\/wp\/v2\/categories?post=2784"},{"taxonomy":"post_tag","embeddable":true,"href":"http:\/\/www.santaana.gob.ar\/home\/wp-json\/wp\/v2\/tags?post=2784"}],"curies":[{"name":"wp","href":"https:\/\/api.w.org\/{rel}","templated":true}]}}