{"id":2781,"date":"2022-09-29T21:03:53","date_gmt":"2022-09-29T21:03:53","guid":{"rendered":"http:\/\/www.santaana.gob.ar\/home\/?p=2781"},"modified":"2022-09-29T21:03:53","modified_gmt":"2022-09-29T21:03:53","slug":"reunion-con-el-colegio-de-arquitectos-de-entre-rios","status":"publish","type":"post","link":"http:\/\/www.santaana.gob.ar\/home\/2022\/09\/29\/reunion-con-el-colegio-de-arquitectos-de-entre-rios\/","title":{"rendered":"REUNI\u00d3N CON EL COLEGIO DE ARQUITECTOS DE ENTRE R\u00cdOS"},"content":{"rendered":"<p>El Intendente Rogelio Zanandrea estuvo participando ayer, en las instalaciones del NIDO de nuestra ciudad, de una reuni\u00f3n con el Colegio de Arquitectos de la Provincia de Entre R\u00edos.<br \/>\n\u25aa\ufe0f En la misma estuvieron presentes el Intendente de Chajar\u00ed Marcelo Borghesan y la Presidenta Municipal de Villa del Rosario, Vanina Perini junto a autoridades y colegiados.<br \/>\n\u25aa\ufe0f La reuni\u00f3n fue informativa y con el objetivo de conocer las capacidades y herramientas con las que cuenta el Colegio. Adem\u00e1s firmaron un Acuerdo de Colaboraci\u00f3n, Asistencia y Cooperaci\u00f3n Mutua.<\/p>\n","protected":false},"excerpt":{"rendered":"<p>El Intendente Rogelio Zanandrea estuvo participando ayer, en las instalaciones del NIDO de nuestra ciudad, de una reuni\u00f3n con el Colegio de Arquitectos de la Provincia de Entre R\u00edos. \u25aa\ufe0f En la misma estuvieron presentes el Intendente de Chajar\u00ed Marcelo Borghesan y la Presidenta Municipal de Villa del Rosario, Vanina Perini junto a autoridades y<a class=\"moretag\" href=\"http:\/\/www.santaana.gob.ar\/home\/2022\/09\/29\/reunion-con-el-colegio-de-arquitectos-de-entre-rios\/\"><span class=\"screen-reader-text\">Leer m\u00e1s sobre REUNI\u00d3N CON EL COLEGIO DE ARQUITECTOS DE ENTRE R\u00cdOS<\/span>[&#8230;]<\/a><\/p>\n","protected":false},"author":1,"featured_media":2782,"comment_status":"open","ping_status":"open","sticky":false,"template":"","format":"standard","meta":{"footnotes":""},"categories":[1],"tags":[],"class_list":["post-2781","post","type-post","status-publish","format-standard","has-post-thumbnail","hentry","category-noticias"],"_links":{"self":[{"href":"http:\/\/www.santaana.gob.ar\/home\/wp-json\/wp\/v2\/posts\/2781","targetHints":{"allow":["GET"]}}],"collection":[{"href":"http:\/\/www.santaana.gob.ar\/home\/wp-json\/wp\/v2\/posts"}],"about":[{"href":"http:\/\/www.santaana.gob.ar\/home\/wp-json\/wp\/v2\/types\/post"}],"author":[{"embeddable":true,"href":"http:\/\/www.santaana.gob.ar\/home\/wp-json\/wp\/v2\/users\/1"}],"replies":[{"embeddable":true,"href":"http:\/\/www.santaana.gob.ar\/home\/wp-json\/wp\/v2\/comments?post=2781"}],"version-history":[{"count":1,"href":"http:\/\/www.santaana.gob.ar\/home\/wp-json\/wp\/v2\/posts\/2781\/revisions"}],"predecessor-version":[{"id":2783,"href":"http:\/\/www.santaana.gob.ar\/home\/wp-json\/wp\/v2\/posts\/2781\/revisions\/2783"}],"wp:featuredmedia":[{"embeddable":true,"href":"http:\/\/www.santaana.gob.ar\/home\/wp-json\/wp\/v2\/media\/2782"}],"wp:attachment":[{"href":"http:\/\/www.santaana.gob.ar\/home\/wp-json\/wp\/v2\/media?parent=2781"}],"wp:term":[{"taxonomy":"category","embeddable":true,"href":"http:\/\/www.santaana.gob.ar\/home\/wp-json\/wp\/v2\/categories?post=2781"},{"taxonomy":"post_tag","embeddable":true,"href":"http:\/\/www.santaana.gob.ar\/home\/wp-json\/wp\/v2\/tags?post=2781"}],"curies":[{"name":"wp","href":"https:\/\/api.w.org\/{rel}","templated":true}]}}