{"id":2778,"date":"2022-09-28T14:16:00","date_gmt":"2022-09-28T14:16:00","guid":{"rendered":"http:\/\/www.santaana.gob.ar\/home\/?p=2778"},"modified":"2022-09-29T14:17:44","modified_gmt":"2022-09-29T14:17:44","slug":"dia-internacional-del-turismo","status":"publish","type":"post","link":"http:\/\/www.santaana.gob.ar\/home\/2022\/09\/28\/dia-internacional-del-turismo\/","title":{"rendered":"DIA INTERNACIONAL DEL TURISMO"},"content":{"rendered":"<p>EN EL DIA INTERNACIONAL DEL TURISMO, SANTA ANA FUE ANFITRIONA<br \/>\n\u25aa\ufe0f Anoche, en el sal\u00f3n multi eventos del Camping Municipal de nuestra localidad, el Intendente Rogelio Zanandrea estuvo participando de un encuentro por el D\u00eda Internacional del Turismo.<br \/>\n\u25aa\ufe0f Del mismo participaron la C\u00e1mara Regional de Turismo, emprendedores de la micro regi\u00f3n de los Azahares y los municipios de Chajar\u00ed y Villa del Rosario.<br \/>\n\ud83d\ude4c En un ambiente muy agradable disfrutaron de una excelente cena y del show del Prof. Roberto Taddei.<\/p>\n","protected":false},"excerpt":{"rendered":"<p>EN EL DIA INTERNACIONAL DEL TURISMO, SANTA ANA FUE ANFITRIONA \u25aa\ufe0f Anoche, en el sal\u00f3n multi eventos del Camping Municipal de nuestra localidad, el Intendente Rogelio Zanandrea estuvo participando de un encuentro por el D\u00eda Internacional del Turismo. \u25aa\ufe0f Del mismo participaron la C\u00e1mara Regional de Turismo, emprendedores de la micro regi\u00f3n de los Azahares<a class=\"moretag\" href=\"http:\/\/www.santaana.gob.ar\/home\/2022\/09\/28\/dia-internacional-del-turismo\/\"><span class=\"screen-reader-text\">Leer m\u00e1s sobre DIA INTERNACIONAL DEL TURISMO<\/span>[&#8230;]<\/a><\/p>\n","protected":false},"author":1,"featured_media":2779,"comment_status":"open","ping_status":"open","sticky":false,"template":"","format":"standard","meta":{"footnotes":""},"categories":[1],"tags":[],"class_list":["post-2778","post","type-post","status-publish","format-standard","has-post-thumbnail","hentry","category-noticias"],"_links":{"self":[{"href":"http:\/\/www.santaana.gob.ar\/home\/wp-json\/wp\/v2\/posts\/2778","targetHints":{"allow":["GET"]}}],"collection":[{"href":"http:\/\/www.santaana.gob.ar\/home\/wp-json\/wp\/v2\/posts"}],"about":[{"href":"http:\/\/www.santaana.gob.ar\/home\/wp-json\/wp\/v2\/types\/post"}],"author":[{"embeddable":true,"href":"http:\/\/www.santaana.gob.ar\/home\/wp-json\/wp\/v2\/users\/1"}],"replies":[{"embeddable":true,"href":"http:\/\/www.santaana.gob.ar\/home\/wp-json\/wp\/v2\/comments?post=2778"}],"version-history":[{"count":1,"href":"http:\/\/www.santaana.gob.ar\/home\/wp-json\/wp\/v2\/posts\/2778\/revisions"}],"predecessor-version":[{"id":2780,"href":"http:\/\/www.santaana.gob.ar\/home\/wp-json\/wp\/v2\/posts\/2778\/revisions\/2780"}],"wp:featuredmedia":[{"embeddable":true,"href":"http:\/\/www.santaana.gob.ar\/home\/wp-json\/wp\/v2\/media\/2779"}],"wp:attachment":[{"href":"http:\/\/www.santaana.gob.ar\/home\/wp-json\/wp\/v2\/media?parent=2778"}],"wp:term":[{"taxonomy":"category","embeddable":true,"href":"http:\/\/www.santaana.gob.ar\/home\/wp-json\/wp\/v2\/categories?post=2778"},{"taxonomy":"post_tag","embeddable":true,"href":"http:\/\/www.santaana.gob.ar\/home\/wp-json\/wp\/v2\/tags?post=2778"}],"curies":[{"name":"wp","href":"https:\/\/api.w.org\/{rel}","templated":true}]}}