{"id":2775,"date":"2022-09-26T22:26:38","date_gmt":"2022-09-26T22:26:38","guid":{"rendered":"http:\/\/www.santaana.gob.ar\/home\/?p=2775"},"modified":"2022-09-26T22:26:38","modified_gmt":"2022-09-26T22:26:38","slug":"vacunacion-antirrabica","status":"publish","type":"post","link":"http:\/\/www.santaana.gob.ar\/home\/2022\/09\/26\/vacunacion-antirrabica\/","title":{"rendered":"VACUNACI\u00d3N ANTIRR\u00c1BICA"},"content":{"rendered":"<p>La misma se llev\u00f3 a cabo en nuestra ciudad el d\u00eda s\u00e1bado y fueron 67 perros y gatos los que recibieron su dosis.<br \/>\n\u25aa\ufe0f Dicha actividad fue organizada por la Municipalidad de Santa Ana, el Nodo Epidemiol\u00f3gico del Hospital Santa Rosa y la Secci\u00f3n de Medicos Veterinarios del<br \/>\nDepartamento Federaci\u00f3n.<br \/>\n\ud83d\ude4c \u00a1Agradecemos a la comunidad por la tenencia responsable de sus mascotas!<\/p>\n","protected":false},"excerpt":{"rendered":"<p>La misma se llev\u00f3 a cabo en nuestra ciudad el d\u00eda s\u00e1bado y fueron 67 perros y gatos los que recibieron su dosis. \u25aa\ufe0f Dicha actividad fue organizada por la Municipalidad de Santa Ana, el Nodo Epidemiol\u00f3gico del Hospital Santa Rosa y la Secci\u00f3n de Medicos Veterinarios del Departamento Federaci\u00f3n. \ud83d\ude4c \u00a1Agradecemos a la comunidad<a class=\"moretag\" href=\"http:\/\/www.santaana.gob.ar\/home\/2022\/09\/26\/vacunacion-antirrabica\/\"><span class=\"screen-reader-text\">Leer m\u00e1s sobre VACUNACI\u00d3N ANTIRR\u00c1BICA<\/span>[&#8230;]<\/a><\/p>\n","protected":false},"author":1,"featured_media":2776,"comment_status":"open","ping_status":"open","sticky":false,"template":"","format":"standard","meta":{"footnotes":""},"categories":[1],"tags":[],"class_list":["post-2775","post","type-post","status-publish","format-standard","has-post-thumbnail","hentry","category-noticias"],"_links":{"self":[{"href":"http:\/\/www.santaana.gob.ar\/home\/wp-json\/wp\/v2\/posts\/2775","targetHints":{"allow":["GET"]}}],"collection":[{"href":"http:\/\/www.santaana.gob.ar\/home\/wp-json\/wp\/v2\/posts"}],"about":[{"href":"http:\/\/www.santaana.gob.ar\/home\/wp-json\/wp\/v2\/types\/post"}],"author":[{"embeddable":true,"href":"http:\/\/www.santaana.gob.ar\/home\/wp-json\/wp\/v2\/users\/1"}],"replies":[{"embeddable":true,"href":"http:\/\/www.santaana.gob.ar\/home\/wp-json\/wp\/v2\/comments?post=2775"}],"version-history":[{"count":1,"href":"http:\/\/www.santaana.gob.ar\/home\/wp-json\/wp\/v2\/posts\/2775\/revisions"}],"predecessor-version":[{"id":2777,"href":"http:\/\/www.santaana.gob.ar\/home\/wp-json\/wp\/v2\/posts\/2775\/revisions\/2777"}],"wp:featuredmedia":[{"embeddable":true,"href":"http:\/\/www.santaana.gob.ar\/home\/wp-json\/wp\/v2\/media\/2776"}],"wp:attachment":[{"href":"http:\/\/www.santaana.gob.ar\/home\/wp-json\/wp\/v2\/media?parent=2775"}],"wp:term":[{"taxonomy":"category","embeddable":true,"href":"http:\/\/www.santaana.gob.ar\/home\/wp-json\/wp\/v2\/categories?post=2775"},{"taxonomy":"post_tag","embeddable":true,"href":"http:\/\/www.santaana.gob.ar\/home\/wp-json\/wp\/v2\/tags?post=2775"}],"curies":[{"name":"wp","href":"https:\/\/api.w.org\/{rel}","templated":true}]}}