{"id":2768,"date":"2022-09-21T13:29:41","date_gmt":"2022-09-21T13:29:41","guid":{"rendered":"http:\/\/www.santaana.gob.ar\/home\/?p=2768"},"modified":"2022-09-21T13:29:41","modified_gmt":"2022-09-21T13:29:41","slug":"vacunacion-antirrabica-en-santa-ana","status":"publish","type":"post","link":"http:\/\/www.santaana.gob.ar\/home\/2022\/09\/21\/vacunacion-antirrabica-en-santa-ana\/","title":{"rendered":"VACUNACI\u00d3N ANTIRR\u00c1BICA EN SANTA ANA"},"content":{"rendered":"<p>La misma se llevar\u00e1 a cabo el s\u00e1bado 24 de septiembre y est\u00e1 destinada a perros y gatos mayores de 3 meses.<br \/>\n\u25aa La actividad es organizada por la Municipalidad de Santa Ana, el Nodo Epidemiol\u00f3gico del Hospital Santa Rosa y la Seccional M\u00e9dicos Veterinarios del<br \/>\nDepartamento Federaci\u00f3n.<br \/>\n\ud83d\udccd Instalaciones del NIDO<br \/>\n\ud83d\udd51 14 a 18 horas<br \/>\n\ud83d\udcc6 24 de septiembre<br \/>\n\u2139\ufe0f Por inscripciones dirigirse a la oficinas de Acci\u00f3n Social del NIDO.<\/p>\n","protected":false},"excerpt":{"rendered":"<p>La misma se llevar\u00e1 a cabo el s\u00e1bado 24 de septiembre y est\u00e1 destinada a perros y gatos mayores de 3 meses. \u25aa La actividad es organizada por la Municipalidad de Santa Ana, el Nodo Epidemiol\u00f3gico del Hospital Santa Rosa y la Seccional M\u00e9dicos Veterinarios del Departamento Federaci\u00f3n. \ud83d\udccd Instalaciones del NIDO \ud83d\udd51 14 a<a class=\"moretag\" href=\"http:\/\/www.santaana.gob.ar\/home\/2022\/09\/21\/vacunacion-antirrabica-en-santa-ana\/\"><span class=\"screen-reader-text\">Leer m\u00e1s sobre VACUNACI\u00d3N ANTIRR\u00c1BICA EN SANTA ANA<\/span>[&#8230;]<\/a><\/p>\n","protected":false},"author":1,"featured_media":2769,"comment_status":"open","ping_status":"open","sticky":false,"template":"","format":"standard","meta":{"footnotes":""},"categories":[1],"tags":[],"class_list":["post-2768","post","type-post","status-publish","format-standard","has-post-thumbnail","hentry","category-noticias"],"_links":{"self":[{"href":"http:\/\/www.santaana.gob.ar\/home\/wp-json\/wp\/v2\/posts\/2768","targetHints":{"allow":["GET"]}}],"collection":[{"href":"http:\/\/www.santaana.gob.ar\/home\/wp-json\/wp\/v2\/posts"}],"about":[{"href":"http:\/\/www.santaana.gob.ar\/home\/wp-json\/wp\/v2\/types\/post"}],"author":[{"embeddable":true,"href":"http:\/\/www.santaana.gob.ar\/home\/wp-json\/wp\/v2\/users\/1"}],"replies":[{"embeddable":true,"href":"http:\/\/www.santaana.gob.ar\/home\/wp-json\/wp\/v2\/comments?post=2768"}],"version-history":[{"count":1,"href":"http:\/\/www.santaana.gob.ar\/home\/wp-json\/wp\/v2\/posts\/2768\/revisions"}],"predecessor-version":[{"id":2770,"href":"http:\/\/www.santaana.gob.ar\/home\/wp-json\/wp\/v2\/posts\/2768\/revisions\/2770"}],"wp:featuredmedia":[{"embeddable":true,"href":"http:\/\/www.santaana.gob.ar\/home\/wp-json\/wp\/v2\/media\/2769"}],"wp:attachment":[{"href":"http:\/\/www.santaana.gob.ar\/home\/wp-json\/wp\/v2\/media?parent=2768"}],"wp:term":[{"taxonomy":"category","embeddable":true,"href":"http:\/\/www.santaana.gob.ar\/home\/wp-json\/wp\/v2\/categories?post=2768"},{"taxonomy":"post_tag","embeddable":true,"href":"http:\/\/www.santaana.gob.ar\/home\/wp-json\/wp\/v2\/tags?post=2768"}],"curies":[{"name":"wp","href":"https:\/\/api.w.org\/{rel}","templated":true}]}}