{"id":2762,"date":"2022-09-20T11:46:02","date_gmt":"2022-09-20T11:46:02","guid":{"rendered":"http:\/\/www.santaana.gob.ar\/home\/?p=2762"},"modified":"2022-09-20T11:46:02","modified_gmt":"2022-09-20T11:46:02","slug":"intervencion-tanque-de-agua","status":"publish","type":"post","link":"http:\/\/www.santaana.gob.ar\/home\/2022\/09\/20\/intervencion-tanque-de-agua\/","title":{"rendered":"INTERVENCI\u00d3N TANQUE DE AGUA"},"content":{"rendered":"<p>Compartimos im\u00e1genes del tanque de agua potable de la planta urbana de nuestra ciudad que fue intervenido en el marco del Plan Municipal de refacci\u00f3n y puesta en valor de edificios y monumentos p\u00fablicos.<br \/>\n\u25aa\ufe0f Este tanque de agua perteneci\u00f3, hasta el a\u00f1o 1997, a Obras Sanitarias de Entre R\u00edos (OSER) y hoy el servicio pertenece a la Municipalidad de Santa Ana.<br \/>\nTe mostramos como luce con su nueva pintura y letras corp\u00f3reas. Mira el antes y el despu\u00e9s<\/p>\n","protected":false},"excerpt":{"rendered":"<p>Compartimos im\u00e1genes del tanque de agua potable de la planta urbana de nuestra ciudad que fue intervenido en el marco del Plan Municipal de refacci\u00f3n y puesta en valor de edificios y monumentos p\u00fablicos. \u25aa\ufe0f Este tanque de agua perteneci\u00f3, hasta el a\u00f1o 1997, a Obras Sanitarias de Entre R\u00edos (OSER) y hoy el servicio<a class=\"moretag\" href=\"http:\/\/www.santaana.gob.ar\/home\/2022\/09\/20\/intervencion-tanque-de-agua\/\"><span class=\"screen-reader-text\">Leer m\u00e1s sobre INTERVENCI\u00d3N TANQUE DE AGUA<\/span>[&#8230;]<\/a><\/p>\n","protected":false},"author":1,"featured_media":2763,"comment_status":"open","ping_status":"open","sticky":false,"template":"","format":"standard","meta":{"footnotes":""},"categories":[1],"tags":[],"class_list":["post-2762","post","type-post","status-publish","format-standard","has-post-thumbnail","hentry","category-noticias"],"_links":{"self":[{"href":"http:\/\/www.santaana.gob.ar\/home\/wp-json\/wp\/v2\/posts\/2762","targetHints":{"allow":["GET"]}}],"collection":[{"href":"http:\/\/www.santaana.gob.ar\/home\/wp-json\/wp\/v2\/posts"}],"about":[{"href":"http:\/\/www.santaana.gob.ar\/home\/wp-json\/wp\/v2\/types\/post"}],"author":[{"embeddable":true,"href":"http:\/\/www.santaana.gob.ar\/home\/wp-json\/wp\/v2\/users\/1"}],"replies":[{"embeddable":true,"href":"http:\/\/www.santaana.gob.ar\/home\/wp-json\/wp\/v2\/comments?post=2762"}],"version-history":[{"count":1,"href":"http:\/\/www.santaana.gob.ar\/home\/wp-json\/wp\/v2\/posts\/2762\/revisions"}],"predecessor-version":[{"id":2764,"href":"http:\/\/www.santaana.gob.ar\/home\/wp-json\/wp\/v2\/posts\/2762\/revisions\/2764"}],"wp:featuredmedia":[{"embeddable":true,"href":"http:\/\/www.santaana.gob.ar\/home\/wp-json\/wp\/v2\/media\/2763"}],"wp:attachment":[{"href":"http:\/\/www.santaana.gob.ar\/home\/wp-json\/wp\/v2\/media?parent=2762"}],"wp:term":[{"taxonomy":"category","embeddable":true,"href":"http:\/\/www.santaana.gob.ar\/home\/wp-json\/wp\/v2\/categories?post=2762"},{"taxonomy":"post_tag","embeddable":true,"href":"http:\/\/www.santaana.gob.ar\/home\/wp-json\/wp\/v2\/tags?post=2762"}],"curies":[{"name":"wp","href":"https:\/\/api.w.org\/{rel}","templated":true}]}}