{"id":2755,"date":"2022-09-16T20:37:59","date_gmt":"2022-09-16T20:37:59","guid":{"rendered":"http:\/\/www.santaana.gob.ar\/home\/?p=2755"},"modified":"2022-09-16T20:37:59","modified_gmt":"2022-09-16T20:37:59","slug":"proyecto-aguas-termales","status":"publish","type":"post","link":"http:\/\/www.santaana.gob.ar\/home\/2022\/09\/16\/proyecto-aguas-termales\/","title":{"rendered":"PROYECTO AGUAS TERMALES"},"content":{"rendered":"<p>A UN PASITO DE CUMPLIR EL SUE\u00d1O DE LAS AGUAS TERMALES<br \/>\nEn un d\u00eda hist\u00f3rico para nuestra localidad el Intendente Rogelio Zanandrea estuvo en Paran\u00e1 reunido con el Gobernador de Entre R\u00edos Gustavo Bordet para firmar un convenio a trav\u00e9s del cual la provincia se compromete a aportar la suma de $ 148.373.350 a la Municipalidad para financiar la mano de obra de la Perforaci\u00f3n termal en Santa Ana.<br \/>\nEl sue\u00f1o termal est\u00e1 cada vez m\u00e1s cerca.<\/p>\n","protected":false},"excerpt":{"rendered":"<p>A UN PASITO DE CUMPLIR EL SUE\u00d1O DE LAS AGUAS TERMALES En un d\u00eda hist\u00f3rico para nuestra localidad el Intendente Rogelio Zanandrea estuvo en Paran\u00e1 reunido con el Gobernador de Entre R\u00edos Gustavo Bordet para firmar un convenio a trav\u00e9s del cual la provincia se compromete a aportar la suma de $ 148.373.350 a la<a class=\"moretag\" href=\"http:\/\/www.santaana.gob.ar\/home\/2022\/09\/16\/proyecto-aguas-termales\/\"><span class=\"screen-reader-text\">Leer m\u00e1s sobre PROYECTO AGUAS TERMALES<\/span>[&#8230;]<\/a><\/p>\n","protected":false},"author":1,"featured_media":2756,"comment_status":"open","ping_status":"open","sticky":false,"template":"","format":"standard","meta":{"footnotes":""},"categories":[1],"tags":[],"class_list":["post-2755","post","type-post","status-publish","format-standard","has-post-thumbnail","hentry","category-noticias"],"_links":{"self":[{"href":"http:\/\/www.santaana.gob.ar\/home\/wp-json\/wp\/v2\/posts\/2755","targetHints":{"allow":["GET"]}}],"collection":[{"href":"http:\/\/www.santaana.gob.ar\/home\/wp-json\/wp\/v2\/posts"}],"about":[{"href":"http:\/\/www.santaana.gob.ar\/home\/wp-json\/wp\/v2\/types\/post"}],"author":[{"embeddable":true,"href":"http:\/\/www.santaana.gob.ar\/home\/wp-json\/wp\/v2\/users\/1"}],"replies":[{"embeddable":true,"href":"http:\/\/www.santaana.gob.ar\/home\/wp-json\/wp\/v2\/comments?post=2755"}],"version-history":[{"count":1,"href":"http:\/\/www.santaana.gob.ar\/home\/wp-json\/wp\/v2\/posts\/2755\/revisions"}],"predecessor-version":[{"id":2757,"href":"http:\/\/www.santaana.gob.ar\/home\/wp-json\/wp\/v2\/posts\/2755\/revisions\/2757"}],"wp:featuredmedia":[{"embeddable":true,"href":"http:\/\/www.santaana.gob.ar\/home\/wp-json\/wp\/v2\/media\/2756"}],"wp:attachment":[{"href":"http:\/\/www.santaana.gob.ar\/home\/wp-json\/wp\/v2\/media?parent=2755"}],"wp:term":[{"taxonomy":"category","embeddable":true,"href":"http:\/\/www.santaana.gob.ar\/home\/wp-json\/wp\/v2\/categories?post=2755"},{"taxonomy":"post_tag","embeddable":true,"href":"http:\/\/www.santaana.gob.ar\/home\/wp-json\/wp\/v2\/tags?post=2755"}],"curies":[{"name":"wp","href":"https:\/\/api.w.org\/{rel}","templated":true}]}}