{"id":2752,"date":"2022-09-29T06:44:00","date_gmt":"2022-09-29T06:44:00","guid":{"rendered":"http:\/\/www.santaana.gob.ar\/home\/?p=2752"},"modified":"2022-09-29T14:19:38","modified_gmt":"2022-09-29T14:19:38","slug":"7-maraton-ciudad-de-santa-ana","status":"publish","type":"post","link":"http:\/\/www.santaana.gob.ar\/home\/2022\/09\/29\/7-maraton-ciudad-de-santa-ana\/","title":{"rendered":"7\u00b0 MARAT\u00d3N \u00abCIUDAD DE SANTA ANA\u00bb"},"content":{"rendered":"<p>SE VIENE LA 7\u00b0 MARAT\u00d3N \u00abCIUDAD DE SANTA ANA\u00bb<br \/>\n\u25aa La misma, organizada por el \u00c1rea de Deportes Municipal, se llevar\u00e1 a cabo el domingo 2 de octubre, en las categor\u00edas mixtas de 5 y 10 KM.<br \/>\n\u25aa La largada ser\u00e1 a partir de las 10 horas desde la Plaza San Mart\u00edn, y las pruebas infantiles se realizar\u00e1n a las 9 horas.<br \/>\nPor mayor informaci\u00f3n e inscripciones podes comunicarte a los siguientes tel\u00e9fonos: 492111 \u00f3 3456 456026, o bien a trav\u00e9s de www.cronomet.con, \u00a1los primeros 100 inscriptos se llevar\u00e1n una remera!<br \/>\nPremios: trofeos, medalla y dinero en efectivo. \u00a1Anotate y particip\u00e1! Ver menos<\/p>\n","protected":false},"excerpt":{"rendered":"<p>SE VIENE LA 7\u00b0 MARAT\u00d3N \u00abCIUDAD DE SANTA ANA\u00bb \u25aa La misma, organizada por el \u00c1rea de Deportes Municipal, se llevar\u00e1 a cabo el domingo 2 de octubre, en las categor\u00edas mixtas de 5 y 10 KM. \u25aa La largada ser\u00e1 a partir de las 10 horas desde la Plaza San Mart\u00edn, y las pruebas<a class=\"moretag\" href=\"http:\/\/www.santaana.gob.ar\/home\/2022\/09\/29\/7-maraton-ciudad-de-santa-ana\/\"><span class=\"screen-reader-text\">Leer m\u00e1s sobre 7\u00b0 MARAT\u00d3N \u00abCIUDAD DE SANTA ANA\u00bb<\/span>[&#8230;]<\/a><\/p>\n","protected":false},"author":1,"featured_media":2753,"comment_status":"open","ping_status":"open","sticky":false,"template":"","format":"standard","meta":{"footnotes":""},"categories":[1],"tags":[],"class_list":["post-2752","post","type-post","status-publish","format-standard","has-post-thumbnail","hentry","category-noticias"],"_links":{"self":[{"href":"http:\/\/www.santaana.gob.ar\/home\/wp-json\/wp\/v2\/posts\/2752","targetHints":{"allow":["GET"]}}],"collection":[{"href":"http:\/\/www.santaana.gob.ar\/home\/wp-json\/wp\/v2\/posts"}],"about":[{"href":"http:\/\/www.santaana.gob.ar\/home\/wp-json\/wp\/v2\/types\/post"}],"author":[{"embeddable":true,"href":"http:\/\/www.santaana.gob.ar\/home\/wp-json\/wp\/v2\/users\/1"}],"replies":[{"embeddable":true,"href":"http:\/\/www.santaana.gob.ar\/home\/wp-json\/wp\/v2\/comments?post=2752"}],"version-history":[{"count":1,"href":"http:\/\/www.santaana.gob.ar\/home\/wp-json\/wp\/v2\/posts\/2752\/revisions"}],"predecessor-version":[{"id":2754,"href":"http:\/\/www.santaana.gob.ar\/home\/wp-json\/wp\/v2\/posts\/2752\/revisions\/2754"}],"wp:featuredmedia":[{"embeddable":true,"href":"http:\/\/www.santaana.gob.ar\/home\/wp-json\/wp\/v2\/media\/2753"}],"wp:attachment":[{"href":"http:\/\/www.santaana.gob.ar\/home\/wp-json\/wp\/v2\/media?parent=2752"}],"wp:term":[{"taxonomy":"category","embeddable":true,"href":"http:\/\/www.santaana.gob.ar\/home\/wp-json\/wp\/v2\/categories?post=2752"},{"taxonomy":"post_tag","embeddable":true,"href":"http:\/\/www.santaana.gob.ar\/home\/wp-json\/wp\/v2\/tags?post=2752"}],"curies":[{"name":"wp","href":"https:\/\/api.w.org\/{rel}","templated":true}]}}