{"id":275,"date":"2017-10-03T18:56:08","date_gmt":"2017-10-03T18:56:08","guid":{"rendered":"http:\/\/www.santaana.gob.ar\/home\/?p=275"},"modified":"2017-10-03T18:56:08","modified_gmt":"2017-10-03T18:56:08","slug":"llamado-a-licitacion-publica-adquisicion-de-ripio","status":"publish","type":"post","link":"http:\/\/www.santaana.gob.ar\/home\/2017\/10\/03\/llamado-a-licitacion-publica-adquisicion-de-ripio\/","title":{"rendered":"Llamado a licitaci\u00f3n p\u00fablica, adquisici\u00f3n de ripio"},"content":{"rendered":"<p>El Presidente Municipal de Santa Ana, en uso de sus atribuciones dispone el llamado a LICITACI\u00d3N P\u00daBLICA N\u00ba 10\/2017 con el objeto de adjudicar la provisi\u00f3n de 6.700 mts3 de ripio arcilloso, con ubicaci\u00f3n dentro del ejido municipal de Santa Ana, preferentemente en la Colonia Ensanche Sauce<\/p>\n<p>A continuaci\u00f3n podr\u00e1 descargar pliegos<\/p>\n<p><a href=\"http:\/\/www.santaana.gob.ar\/home\/wp-content\/uploads\/2017\/10\/Tapa031017.pdf\">Tapa<\/a><\/p>\n<p><a href=\"http:\/\/www.santaana.gob.ar\/home\/wp-content\/uploads\/2017\/10\/Decreto031017.pdf\" target=\"_blank\" rel=\"noopener noreferrer\">Decreto<\/a><\/p>\n<p><a href=\"http:\/\/www.santaana.gob.ar\/home\/wp-content\/uploads\/2017\/10\/Pliegop031017.pdf\" target=\"_blank\" rel=\"noopener noreferrer\">Pliego Particular<\/a><\/p>\n<p><a href=\"http:\/\/www.santaana.gob.ar\/home\/wp-content\/uploads\/2017\/10\/Pliegog031017.pdf\" target=\"_blank\">Pliego General<\/a><\/p>\n","protected":false},"excerpt":{"rendered":"<p>El Presidente Municipal de Santa Ana, en uso de sus atribuciones dispone el llamado a LICITACI\u00d3N P\u00daBLICA N\u00ba 10\/2017 con el objeto de adjudicar la provisi\u00f3n de 6.700 mts3 de ripio arcilloso, con ubicaci\u00f3n dentro del ejido municipal de Santa Ana, preferentemente en la Colonia Ensanche Sauce A continuaci\u00f3n podr\u00e1 descargar pliegos Tapa Decreto Pliego<a class=\"moretag\" href=\"http:\/\/www.santaana.gob.ar\/home\/2017\/10\/03\/llamado-a-licitacion-publica-adquisicion-de-ripio\/\"><span class=\"screen-reader-text\">Leer m\u00e1s sobre Llamado a licitaci\u00f3n p\u00fablica, adquisici\u00f3n de ripio<\/span>[&#8230;]<\/a><\/p>\n","protected":false},"author":1,"featured_media":233,"comment_status":"open","ping_status":"open","sticky":false,"template":"","format":"standard","meta":{"footnotes":""},"categories":[1],"tags":[],"class_list":["post-275","post","type-post","status-publish","format-standard","has-post-thumbnail","hentry","category-noticias"],"_links":{"self":[{"href":"http:\/\/www.santaana.gob.ar\/home\/wp-json\/wp\/v2\/posts\/275","targetHints":{"allow":["GET"]}}],"collection":[{"href":"http:\/\/www.santaana.gob.ar\/home\/wp-json\/wp\/v2\/posts"}],"about":[{"href":"http:\/\/www.santaana.gob.ar\/home\/wp-json\/wp\/v2\/types\/post"}],"author":[{"embeddable":true,"href":"http:\/\/www.santaana.gob.ar\/home\/wp-json\/wp\/v2\/users\/1"}],"replies":[{"embeddable":true,"href":"http:\/\/www.santaana.gob.ar\/home\/wp-json\/wp\/v2\/comments?post=275"}],"version-history":[{"count":1,"href":"http:\/\/www.santaana.gob.ar\/home\/wp-json\/wp\/v2\/posts\/275\/revisions"}],"predecessor-version":[{"id":280,"href":"http:\/\/www.santaana.gob.ar\/home\/wp-json\/wp\/v2\/posts\/275\/revisions\/280"}],"wp:featuredmedia":[{"embeddable":true,"href":"http:\/\/www.santaana.gob.ar\/home\/wp-json\/wp\/v2\/media\/233"}],"wp:attachment":[{"href":"http:\/\/www.santaana.gob.ar\/home\/wp-json\/wp\/v2\/media?parent=275"}],"wp:term":[{"taxonomy":"category","embeddable":true,"href":"http:\/\/www.santaana.gob.ar\/home\/wp-json\/wp\/v2\/categories?post=275"},{"taxonomy":"post_tag","embeddable":true,"href":"http:\/\/www.santaana.gob.ar\/home\/wp-json\/wp\/v2\/tags?post=275"}],"curies":[{"name":"wp","href":"https:\/\/api.w.org\/{rel}","templated":true}]}}