{"id":2744,"date":"2022-09-12T19:33:00","date_gmt":"2022-09-12T19:33:00","guid":{"rendered":"http:\/\/www.santaana.gob.ar\/home\/?p=2744"},"modified":"2022-09-13T19:34:36","modified_gmt":"2022-09-13T19:34:36","slug":"aniversario-de-la-escuela-n53-ejercito-argentino","status":"publish","type":"post","link":"http:\/\/www.santaana.gob.ar\/home\/2022\/09\/12\/aniversario-de-la-escuela-n53-ejercito-argentino\/","title":{"rendered":"ANIVERSARIO DE LA ESCUELA N\u00b053 EJ\u00c9RCITO ARGENTINO"},"content":{"rendered":"<p>El Intendente Rogelio Zanandrea estuvo participando del acto del centenario de la Escuela N\u00b053 \u00bb Ej\u00e9rcito Argentino\u00bb, de Colonia Ensanche Sauce.<br \/>\n\ud83d\ude4c \u00a1Felicitaciones al personal directivo, docentes, comisi\u00f3n cooperadora por el compromiso y dedicaci\u00f3n en la educaci\u00f3n de nuestros ni\u00f1os!<br \/>\n\u25aa\ufe0f En la semana previa a este trascendental acontecimiento cumplimos nuestro compromiso con la iluminaci\u00f3n del frente de la escuela.<\/p>\n","protected":false},"excerpt":{"rendered":"<p>El Intendente Rogelio Zanandrea estuvo participando del acto del centenario de la Escuela N\u00b053 \u00bb Ej\u00e9rcito Argentino\u00bb, de Colonia Ensanche Sauce. \ud83d\ude4c \u00a1Felicitaciones al personal directivo, docentes, comisi\u00f3n cooperadora por el compromiso y dedicaci\u00f3n en la educaci\u00f3n de nuestros ni\u00f1os! \u25aa\ufe0f En la semana previa a este trascendental acontecimiento cumplimos nuestro compromiso con la iluminaci\u00f3n<a class=\"moretag\" href=\"http:\/\/www.santaana.gob.ar\/home\/2022\/09\/12\/aniversario-de-la-escuela-n53-ejercito-argentino\/\"><span class=\"screen-reader-text\">Leer m\u00e1s sobre ANIVERSARIO DE LA ESCUELA N\u00b053 EJ\u00c9RCITO ARGENTINO<\/span>[&#8230;]<\/a><\/p>\n","protected":false},"author":1,"featured_media":2745,"comment_status":"open","ping_status":"open","sticky":false,"template":"","format":"standard","meta":{"footnotes":""},"categories":[1],"tags":[],"class_list":["post-2744","post","type-post","status-publish","format-standard","has-post-thumbnail","hentry","category-noticias"],"_links":{"self":[{"href":"http:\/\/www.santaana.gob.ar\/home\/wp-json\/wp\/v2\/posts\/2744","targetHints":{"allow":["GET"]}}],"collection":[{"href":"http:\/\/www.santaana.gob.ar\/home\/wp-json\/wp\/v2\/posts"}],"about":[{"href":"http:\/\/www.santaana.gob.ar\/home\/wp-json\/wp\/v2\/types\/post"}],"author":[{"embeddable":true,"href":"http:\/\/www.santaana.gob.ar\/home\/wp-json\/wp\/v2\/users\/1"}],"replies":[{"embeddable":true,"href":"http:\/\/www.santaana.gob.ar\/home\/wp-json\/wp\/v2\/comments?post=2744"}],"version-history":[{"count":1,"href":"http:\/\/www.santaana.gob.ar\/home\/wp-json\/wp\/v2\/posts\/2744\/revisions"}],"predecessor-version":[{"id":2746,"href":"http:\/\/www.santaana.gob.ar\/home\/wp-json\/wp\/v2\/posts\/2744\/revisions\/2746"}],"wp:featuredmedia":[{"embeddable":true,"href":"http:\/\/www.santaana.gob.ar\/home\/wp-json\/wp\/v2\/media\/2745"}],"wp:attachment":[{"href":"http:\/\/www.santaana.gob.ar\/home\/wp-json\/wp\/v2\/media?parent=2744"}],"wp:term":[{"taxonomy":"category","embeddable":true,"href":"http:\/\/www.santaana.gob.ar\/home\/wp-json\/wp\/v2\/categories?post=2744"},{"taxonomy":"post_tag","embeddable":true,"href":"http:\/\/www.santaana.gob.ar\/home\/wp-json\/wp\/v2\/tags?post=2744"}],"curies":[{"name":"wp","href":"https:\/\/api.w.org\/{rel}","templated":true}]}}