{"id":2741,"date":"2022-09-12T14:33:52","date_gmt":"2022-09-12T14:33:52","guid":{"rendered":"http:\/\/www.santaana.gob.ar\/home\/?p=2741"},"modified":"2022-09-12T14:33:52","modified_gmt":"2022-09-12T14:33:52","slug":"comenzo-el-taller-de-voley","status":"publish","type":"post","link":"http:\/\/www.santaana.gob.ar\/home\/2022\/09\/12\/comenzo-el-taller-de-voley\/","title":{"rendered":"COMENZ\u00d3 EL TALLER DE VOLEY"},"content":{"rendered":"<p>Con la participaci\u00f3n de m\u00e1s de 80 chicos de nuestra localidad, la semana pasada, comenz\u00f3 a dictarse el Taller de Voley en las instalaciones del Centro Social y Deportivo Santa Ana.<br \/>\n\u25aa El mismo est\u00e1 destinado a chicos de 10 a 19 a\u00f1os, categor\u00eda libre mixto, y las clases se llevan a cabo los d\u00edas mi\u00e9rcoles y viernes de 18 a 22 horas.<\/p>\n","protected":false},"excerpt":{"rendered":"<p>Con la participaci\u00f3n de m\u00e1s de 80 chicos de nuestra localidad, la semana pasada, comenz\u00f3 a dictarse el Taller de Voley en las instalaciones del Centro Social y Deportivo Santa Ana. \u25aa El mismo est\u00e1 destinado a chicos de 10 a 19 a\u00f1os, categor\u00eda libre mixto, y las clases se llevan a cabo los d\u00edas<a class=\"moretag\" href=\"http:\/\/www.santaana.gob.ar\/home\/2022\/09\/12\/comenzo-el-taller-de-voley\/\"><span class=\"screen-reader-text\">Leer m\u00e1s sobre COMENZ\u00d3 EL TALLER DE VOLEY<\/span>[&#8230;]<\/a><\/p>\n","protected":false},"author":1,"featured_media":2742,"comment_status":"open","ping_status":"open","sticky":false,"template":"","format":"standard","meta":{"footnotes":""},"categories":[1],"tags":[],"class_list":["post-2741","post","type-post","status-publish","format-standard","has-post-thumbnail","hentry","category-noticias"],"_links":{"self":[{"href":"http:\/\/www.santaana.gob.ar\/home\/wp-json\/wp\/v2\/posts\/2741","targetHints":{"allow":["GET"]}}],"collection":[{"href":"http:\/\/www.santaana.gob.ar\/home\/wp-json\/wp\/v2\/posts"}],"about":[{"href":"http:\/\/www.santaana.gob.ar\/home\/wp-json\/wp\/v2\/types\/post"}],"author":[{"embeddable":true,"href":"http:\/\/www.santaana.gob.ar\/home\/wp-json\/wp\/v2\/users\/1"}],"replies":[{"embeddable":true,"href":"http:\/\/www.santaana.gob.ar\/home\/wp-json\/wp\/v2\/comments?post=2741"}],"version-history":[{"count":1,"href":"http:\/\/www.santaana.gob.ar\/home\/wp-json\/wp\/v2\/posts\/2741\/revisions"}],"predecessor-version":[{"id":2743,"href":"http:\/\/www.santaana.gob.ar\/home\/wp-json\/wp\/v2\/posts\/2741\/revisions\/2743"}],"wp:featuredmedia":[{"embeddable":true,"href":"http:\/\/www.santaana.gob.ar\/home\/wp-json\/wp\/v2\/media\/2742"}],"wp:attachment":[{"href":"http:\/\/www.santaana.gob.ar\/home\/wp-json\/wp\/v2\/media?parent=2741"}],"wp:term":[{"taxonomy":"category","embeddable":true,"href":"http:\/\/www.santaana.gob.ar\/home\/wp-json\/wp\/v2\/categories?post=2741"},{"taxonomy":"post_tag","embeddable":true,"href":"http:\/\/www.santaana.gob.ar\/home\/wp-json\/wp\/v2\/tags?post=2741"}],"curies":[{"name":"wp","href":"https:\/\/api.w.org\/{rel}","templated":true}]}}