{"id":2735,"date":"2022-09-10T20:02:07","date_gmt":"2022-09-10T20:02:07","guid":{"rendered":"http:\/\/www.santaana.gob.ar\/home\/?p=2735"},"modified":"2022-09-10T20:02:07","modified_gmt":"2022-09-10T20:02:07","slug":"mantenimiento-en-los-caminos-de-la-produccion","status":"publish","type":"post","link":"http:\/\/www.santaana.gob.ar\/home\/2022\/09\/10\/mantenimiento-en-los-caminos-de-la-produccion\/","title":{"rendered":"MANTENIMIENTO EN LOS CAMINOS DE LA PRODUCCI\u00d3N"},"content":{"rendered":"<p>Esta semana personal de la Direcci\u00f3n de Obras y Servicios P\u00fablicos de la Municipalidad de Santa Ana estuvo trabajando en los caminos de la producci\u00f3n.<br \/>\nLas tareas se centraron en la reposici\u00f3n de ripio en la zona rural de Colonia San Miguel.<br \/>\nContinuamos trabajando en beneficio de nuestros productores. \u00a1Santa Ana, un municipio presente!<\/p>\n","protected":false},"excerpt":{"rendered":"<p>Esta semana personal de la Direcci\u00f3n de Obras y Servicios P\u00fablicos de la Municipalidad de Santa Ana estuvo trabajando en los caminos de la producci\u00f3n. Las tareas se centraron en la reposici\u00f3n de ripio en la zona rural de Colonia San Miguel. Continuamos trabajando en beneficio de nuestros productores. \u00a1Santa Ana, un municipio presente!<\/p>\n","protected":false},"author":1,"featured_media":2736,"comment_status":"open","ping_status":"open","sticky":false,"template":"","format":"standard","meta":{"footnotes":""},"categories":[1],"tags":[],"class_list":["post-2735","post","type-post","status-publish","format-standard","has-post-thumbnail","hentry","category-noticias"],"_links":{"self":[{"href":"http:\/\/www.santaana.gob.ar\/home\/wp-json\/wp\/v2\/posts\/2735","targetHints":{"allow":["GET"]}}],"collection":[{"href":"http:\/\/www.santaana.gob.ar\/home\/wp-json\/wp\/v2\/posts"}],"about":[{"href":"http:\/\/www.santaana.gob.ar\/home\/wp-json\/wp\/v2\/types\/post"}],"author":[{"embeddable":true,"href":"http:\/\/www.santaana.gob.ar\/home\/wp-json\/wp\/v2\/users\/1"}],"replies":[{"embeddable":true,"href":"http:\/\/www.santaana.gob.ar\/home\/wp-json\/wp\/v2\/comments?post=2735"}],"version-history":[{"count":1,"href":"http:\/\/www.santaana.gob.ar\/home\/wp-json\/wp\/v2\/posts\/2735\/revisions"}],"predecessor-version":[{"id":2737,"href":"http:\/\/www.santaana.gob.ar\/home\/wp-json\/wp\/v2\/posts\/2735\/revisions\/2737"}],"wp:featuredmedia":[{"embeddable":true,"href":"http:\/\/www.santaana.gob.ar\/home\/wp-json\/wp\/v2\/media\/2736"}],"wp:attachment":[{"href":"http:\/\/www.santaana.gob.ar\/home\/wp-json\/wp\/v2\/media?parent=2735"}],"wp:term":[{"taxonomy":"category","embeddable":true,"href":"http:\/\/www.santaana.gob.ar\/home\/wp-json\/wp\/v2\/categories?post=2735"},{"taxonomy":"post_tag","embeddable":true,"href":"http:\/\/www.santaana.gob.ar\/home\/wp-json\/wp\/v2\/tags?post=2735"}],"curies":[{"name":"wp","href":"https:\/\/api.w.org\/{rel}","templated":true}]}}