{"id":2731,"date":"2022-09-07T20:36:28","date_gmt":"2022-09-07T20:36:28","guid":{"rendered":"http:\/\/www.santaana.gob.ar\/home\/?p=2731"},"modified":"2022-09-07T20:36:28","modified_gmt":"2022-09-07T20:36:28","slug":"visita-a-la-escuela-n16","status":"publish","type":"post","link":"http:\/\/www.santaana.gob.ar\/home\/2022\/09\/07\/visita-a-la-escuela-n16\/","title":{"rendered":"VISITA A LA ESCUELA N\u00b016"},"content":{"rendered":"<p>Ayer el Intendente Rogelio Zanandrea estuvo de visita por la Escuela N\u00b016, ubicada en la zona rural de Santa Ana, sobre la ruta 2.<br \/>\n\ud83d\udda5 All\u00ed estuvo reunido con docentes y alumnos donde realiz\u00f3 la donaci\u00f3n de un Smart TV de 43&#8243;, solicitado por su Directora Mariela Berterame, equipo indispensable para profundizar la ense\u00f1anza y los contenidos tecnol\u00f3gicos.<br \/>\n\ud83d\ude4c Adem\u00e1s el intendente asumi\u00f3 el compromiso de la construcci\u00f3n de un nuevo port\u00f3n de ingreso a la escuela, lo que sin dudas mejorar\u00e1 la seguridad del establecimiento educativo.<\/p>\n","protected":false},"excerpt":{"rendered":"<p>Ayer el Intendente Rogelio Zanandrea estuvo de visita por la Escuela N\u00b016, ubicada en la zona rural de Santa Ana, sobre la ruta 2. \ud83d\udda5 All\u00ed estuvo reunido con docentes y alumnos donde realiz\u00f3 la donaci\u00f3n de un Smart TV de 43&#8243;, solicitado por su Directora Mariela Berterame, equipo indispensable para profundizar la ense\u00f1anza y<a class=\"moretag\" href=\"http:\/\/www.santaana.gob.ar\/home\/2022\/09\/07\/visita-a-la-escuela-n16\/\"><span class=\"screen-reader-text\">Leer m\u00e1s sobre VISITA A LA ESCUELA N\u00b016<\/span>[&#8230;]<\/a><\/p>\n","protected":false},"author":1,"featured_media":2732,"comment_status":"open","ping_status":"open","sticky":false,"template":"","format":"standard","meta":{"footnotes":""},"categories":[1],"tags":[],"class_list":["post-2731","post","type-post","status-publish","format-standard","has-post-thumbnail","hentry","category-noticias"],"_links":{"self":[{"href":"http:\/\/www.santaana.gob.ar\/home\/wp-json\/wp\/v2\/posts\/2731","targetHints":{"allow":["GET"]}}],"collection":[{"href":"http:\/\/www.santaana.gob.ar\/home\/wp-json\/wp\/v2\/posts"}],"about":[{"href":"http:\/\/www.santaana.gob.ar\/home\/wp-json\/wp\/v2\/types\/post"}],"author":[{"embeddable":true,"href":"http:\/\/www.santaana.gob.ar\/home\/wp-json\/wp\/v2\/users\/1"}],"replies":[{"embeddable":true,"href":"http:\/\/www.santaana.gob.ar\/home\/wp-json\/wp\/v2\/comments?post=2731"}],"version-history":[{"count":1,"href":"http:\/\/www.santaana.gob.ar\/home\/wp-json\/wp\/v2\/posts\/2731\/revisions"}],"predecessor-version":[{"id":2733,"href":"http:\/\/www.santaana.gob.ar\/home\/wp-json\/wp\/v2\/posts\/2731\/revisions\/2733"}],"wp:featuredmedia":[{"embeddable":true,"href":"http:\/\/www.santaana.gob.ar\/home\/wp-json\/wp\/v2\/media\/2732"}],"wp:attachment":[{"href":"http:\/\/www.santaana.gob.ar\/home\/wp-json\/wp\/v2\/media?parent=2731"}],"wp:term":[{"taxonomy":"category","embeddable":true,"href":"http:\/\/www.santaana.gob.ar\/home\/wp-json\/wp\/v2\/categories?post=2731"},{"taxonomy":"post_tag","embeddable":true,"href":"http:\/\/www.santaana.gob.ar\/home\/wp-json\/wp\/v2\/tags?post=2731"}],"curies":[{"name":"wp","href":"https:\/\/api.w.org\/{rel}","templated":true}]}}