{"id":2725,"date":"2022-09-06T11:35:51","date_gmt":"2022-09-06T11:35:51","guid":{"rendered":"http:\/\/www.santaana.gob.ar\/home\/?p=2725"},"modified":"2022-09-06T11:35:51","modified_gmt":"2022-09-06T11:35:51","slug":"continuamos-con-el-plan-municipal-de-forestacion","status":"publish","type":"post","link":"http:\/\/www.santaana.gob.ar\/home\/2022\/09\/06\/continuamos-con-el-plan-municipal-de-forestacion\/","title":{"rendered":"CONTINUAMOS CON EL PLAN MUNICIPAL DE FORESTACI\u00d3N"},"content":{"rendered":"<p>Personal de la Direcci\u00f3n de Obras P\u00fablicas de la Municipalidad de Santa Ana contin\u00faa con las tareas de forestaci\u00f3n en el acceso a la localidad.<br \/>\n\ud83d\ude4c Ya llevamos plantados mas de 300 \u00e1rboles de lapachos rosados (Handroanthus impetiginosus) en el tramo  que une la Escuela Principal N\u00b016 hasta el acceso a nuestra ciudad.<\/p>\n","protected":false},"excerpt":{"rendered":"<p>Personal de la Direcci\u00f3n de Obras P\u00fablicas de la Municipalidad de Santa Ana contin\u00faa con las tareas de forestaci\u00f3n en el acceso a la localidad. \ud83d\ude4c Ya llevamos plantados mas de 300 \u00e1rboles de lapachos rosados (Handroanthus impetiginosus) en el tramo que une la Escuela Principal N\u00b016 hasta el acceso a nuestra ciudad.<\/p>\n","protected":false},"author":1,"featured_media":2726,"comment_status":"open","ping_status":"open","sticky":false,"template":"","format":"standard","meta":{"footnotes":""},"categories":[1],"tags":[],"class_list":["post-2725","post","type-post","status-publish","format-standard","has-post-thumbnail","hentry","category-noticias"],"_links":{"self":[{"href":"http:\/\/www.santaana.gob.ar\/home\/wp-json\/wp\/v2\/posts\/2725","targetHints":{"allow":["GET"]}}],"collection":[{"href":"http:\/\/www.santaana.gob.ar\/home\/wp-json\/wp\/v2\/posts"}],"about":[{"href":"http:\/\/www.santaana.gob.ar\/home\/wp-json\/wp\/v2\/types\/post"}],"author":[{"embeddable":true,"href":"http:\/\/www.santaana.gob.ar\/home\/wp-json\/wp\/v2\/users\/1"}],"replies":[{"embeddable":true,"href":"http:\/\/www.santaana.gob.ar\/home\/wp-json\/wp\/v2\/comments?post=2725"}],"version-history":[{"count":1,"href":"http:\/\/www.santaana.gob.ar\/home\/wp-json\/wp\/v2\/posts\/2725\/revisions"}],"predecessor-version":[{"id":2727,"href":"http:\/\/www.santaana.gob.ar\/home\/wp-json\/wp\/v2\/posts\/2725\/revisions\/2727"}],"wp:featuredmedia":[{"embeddable":true,"href":"http:\/\/www.santaana.gob.ar\/home\/wp-json\/wp\/v2\/media\/2726"}],"wp:attachment":[{"href":"http:\/\/www.santaana.gob.ar\/home\/wp-json\/wp\/v2\/media?parent=2725"}],"wp:term":[{"taxonomy":"category","embeddable":true,"href":"http:\/\/www.santaana.gob.ar\/home\/wp-json\/wp\/v2\/categories?post=2725"},{"taxonomy":"post_tag","embeddable":true,"href":"http:\/\/www.santaana.gob.ar\/home\/wp-json\/wp\/v2\/tags?post=2725"}],"curies":[{"name":"wp","href":"https:\/\/api.w.org\/{rel}","templated":true}]}}