{"id":2718,"date":"2022-09-01T12:14:37","date_gmt":"2022-09-01T12:14:37","guid":{"rendered":"http:\/\/www.santaana.gob.ar\/home\/?p=2718"},"modified":"2022-09-01T12:16:44","modified_gmt":"2022-09-01T12:16:44","slug":"llamado-a-licitacion","status":"publish","type":"post","link":"http:\/\/www.santaana.gob.ar\/home\/2022\/09\/01\/llamado-a-licitacion\/","title":{"rendered":"LLAMADO A LICITACI\u00d3N"},"content":{"rendered":"<p>La Municipalidad de Santa Ana, provincia de Entre R\u00edos, dispone el llamado a Licitaci\u00f3n P\u00fablica que tiene por objeto contrataci\u00f3n de la ejecuci\u00f3n de la Obra \u201cNuevo Tanque de Reserva Zona loteo Marcilli\u201d<br \/>\nLa obra incluye la provisi\u00f3n de un  tanque de reserva PRFV 30 m\u00b3, construcci\u00f3n de  torre, accesorios, ca\u00f1er\u00eda, provisi\u00f3n de electrobomba sumergible 10HP, fundaci\u00f3n, traslado, montaje y mano de obra.<br \/>\nLa apertura est\u00e1 prevista para el d\u00eda viernes 9 de setiembre de 2022 hora 10:00.<br \/>\nA continuaci\u00f3n se pueden descargar todos los documentos del acto licitatorio.<br \/>\n<b>DESCARGAR PLIEGOS<\/b><br \/>\n<a href=\"http:\/\/www.santaana.gob.ar\/Licitaciones\/LicPub042022\/Decreto.pdf\">Decreto<\/a><br \/>\n<a href=\"http:\/\/www.santaana.gob.ar\/Licitaciones\/LicPub042022\/PGeneral.pdf\">Pliego Condiciones Generales<\/a><br \/>\n<a href=\"http:\/\/www.santaana.gob.ar\/Licitaciones\/LicPub042022\/PParticular.pdf\">Pliego Condiciones Particulares<\/a><br \/>\n<a href=\"http:\/\/www.santaana.gob.ar\/Licitaciones\/LicPub032022\/AnexoI.pdf\">Anexo I<\/a><br \/>\n<a href=\"http:\/\/www.santaana.gob.ar\/Licitaciones\/LicPub042022\/AnexoII.pdf\">Anexo II<\/a><br \/>\n<a href=\"http:\/\/www.santaana.gob.ar\/Licitaciones\/LicPub042022\/AnexoIII.pdf\">Anexo III<\/a><br \/>\n<a href=\"http:\/\/www.santaana.gob.ar\/Licitaciones\/LicPub042022\/AnexoIV.pdf\">Anexo IV<\/a><\/p>\n","protected":false},"excerpt":{"rendered":"<p>La Municipalidad de Santa Ana, provincia de Entre R\u00edos, dispone el llamado a Licitaci\u00f3n P\u00fablica que tiene por objeto contrataci\u00f3n de la ejecuci\u00f3n de la Obra \u201cNuevo Tanque de Reserva Zona loteo Marcilli\u201d La obra incluye la provisi\u00f3n de un tanque de reserva PRFV 30 m\u00b3, construcci\u00f3n de torre, accesorios, ca\u00f1er\u00eda, provisi\u00f3n de electrobomba sumergible<a class=\"moretag\" href=\"http:\/\/www.santaana.gob.ar\/home\/2022\/09\/01\/llamado-a-licitacion\/\"><span class=\"screen-reader-text\">Leer m\u00e1s sobre LLAMADO A LICITACI\u00d3N<\/span>[&#8230;]<\/a><\/p>\n","protected":false},"author":1,"featured_media":2006,"comment_status":"open","ping_status":"open","sticky":false,"template":"","format":"standard","meta":{"footnotes":""},"categories":[1],"tags":[],"class_list":["post-2718","post","type-post","status-publish","format-standard","has-post-thumbnail","hentry","category-noticias"],"_links":{"self":[{"href":"http:\/\/www.santaana.gob.ar\/home\/wp-json\/wp\/v2\/posts\/2718","targetHints":{"allow":["GET"]}}],"collection":[{"href":"http:\/\/www.santaana.gob.ar\/home\/wp-json\/wp\/v2\/posts"}],"about":[{"href":"http:\/\/www.santaana.gob.ar\/home\/wp-json\/wp\/v2\/types\/post"}],"author":[{"embeddable":true,"href":"http:\/\/www.santaana.gob.ar\/home\/wp-json\/wp\/v2\/users\/1"}],"replies":[{"embeddable":true,"href":"http:\/\/www.santaana.gob.ar\/home\/wp-json\/wp\/v2\/comments?post=2718"}],"version-history":[{"count":2,"href":"http:\/\/www.santaana.gob.ar\/home\/wp-json\/wp\/v2\/posts\/2718\/revisions"}],"predecessor-version":[{"id":2721,"href":"http:\/\/www.santaana.gob.ar\/home\/wp-json\/wp\/v2\/posts\/2718\/revisions\/2721"}],"wp:featuredmedia":[{"embeddable":true,"href":"http:\/\/www.santaana.gob.ar\/home\/wp-json\/wp\/v2\/media\/2006"}],"wp:attachment":[{"href":"http:\/\/www.santaana.gob.ar\/home\/wp-json\/wp\/v2\/media?parent=2718"}],"wp:term":[{"taxonomy":"category","embeddable":true,"href":"http:\/\/www.santaana.gob.ar\/home\/wp-json\/wp\/v2\/categories?post=2718"},{"taxonomy":"post_tag","embeddable":true,"href":"http:\/\/www.santaana.gob.ar\/home\/wp-json\/wp\/v2\/tags?post=2718"}],"curies":[{"name":"wp","href":"https:\/\/api.w.org\/{rel}","templated":true}]}}