{"id":2715,"date":"2022-08-31T23:48:00","date_gmt":"2022-08-31T23:48:00","guid":{"rendered":"http:\/\/www.santaana.gob.ar\/home\/?p=2715"},"modified":"2022-09-01T11:49:51","modified_gmt":"2022-09-01T11:49:51","slug":"charla-sobre-hlb","status":"publish","type":"post","link":"http:\/\/www.santaana.gob.ar\/home\/2022\/08\/31\/charla-sobre-hlb\/","title":{"rendered":"CHARLA SOBRE HLB"},"content":{"rendered":"<p>Este martes 30 de agosto en la Escuela Primaria N\u00b04 \u00abMiguel Gal\u00e1n\u00bb de Colonia Ensanche Sauce, se llev\u00f3 a cabo una chala te\u00f3rica pr\u00e1ctica sobre esta enfermedad que afecta tanto a los c\u00edtricos.<br \/>\nLa misma se dio en el marco de las capacitaciones que est\u00e1 llevando a cabo el SENASA con el acompa\u00f1amiento de la Municipalidad de Santa Ana en las instituciones del ejido municipal.<\/p>\n","protected":false},"excerpt":{"rendered":"<p>Este martes 30 de agosto en la Escuela Primaria N\u00b04 \u00abMiguel Gal\u00e1n\u00bb de Colonia Ensanche Sauce, se llev\u00f3 a cabo una chala te\u00f3rica pr\u00e1ctica sobre esta enfermedad que afecta tanto a los c\u00edtricos. La misma se dio en el marco de las capacitaciones que est\u00e1 llevando a cabo el SENASA con el acompa\u00f1amiento de la<a class=\"moretag\" href=\"http:\/\/www.santaana.gob.ar\/home\/2022\/08\/31\/charla-sobre-hlb\/\"><span class=\"screen-reader-text\">Leer m\u00e1s sobre CHARLA SOBRE HLB<\/span>[&#8230;]<\/a><\/p>\n","protected":false},"author":1,"featured_media":2716,"comment_status":"open","ping_status":"open","sticky":false,"template":"","format":"standard","meta":{"footnotes":""},"categories":[1],"tags":[],"class_list":["post-2715","post","type-post","status-publish","format-standard","has-post-thumbnail","hentry","category-noticias"],"_links":{"self":[{"href":"http:\/\/www.santaana.gob.ar\/home\/wp-json\/wp\/v2\/posts\/2715","targetHints":{"allow":["GET"]}}],"collection":[{"href":"http:\/\/www.santaana.gob.ar\/home\/wp-json\/wp\/v2\/posts"}],"about":[{"href":"http:\/\/www.santaana.gob.ar\/home\/wp-json\/wp\/v2\/types\/post"}],"author":[{"embeddable":true,"href":"http:\/\/www.santaana.gob.ar\/home\/wp-json\/wp\/v2\/users\/1"}],"replies":[{"embeddable":true,"href":"http:\/\/www.santaana.gob.ar\/home\/wp-json\/wp\/v2\/comments?post=2715"}],"version-history":[{"count":1,"href":"http:\/\/www.santaana.gob.ar\/home\/wp-json\/wp\/v2\/posts\/2715\/revisions"}],"predecessor-version":[{"id":2717,"href":"http:\/\/www.santaana.gob.ar\/home\/wp-json\/wp\/v2\/posts\/2715\/revisions\/2717"}],"wp:featuredmedia":[{"embeddable":true,"href":"http:\/\/www.santaana.gob.ar\/home\/wp-json\/wp\/v2\/media\/2716"}],"wp:attachment":[{"href":"http:\/\/www.santaana.gob.ar\/home\/wp-json\/wp\/v2\/media?parent=2715"}],"wp:term":[{"taxonomy":"category","embeddable":true,"href":"http:\/\/www.santaana.gob.ar\/home\/wp-json\/wp\/v2\/categories?post=2715"},{"taxonomy":"post_tag","embeddable":true,"href":"http:\/\/www.santaana.gob.ar\/home\/wp-json\/wp\/v2\/tags?post=2715"}],"curies":[{"name":"wp","href":"https:\/\/api.w.org\/{rel}","templated":true}]}}