{"id":2706,"date":"2022-08-25T20:49:52","date_gmt":"2022-08-25T20:49:52","guid":{"rendered":"http:\/\/www.santaana.gob.ar\/home\/?p=2706"},"modified":"2022-08-25T20:49:52","modified_gmt":"2022-08-25T20:49:52","slug":"convenio-con-el-ministerio-de-desarrollo-social-de-la-provincia","status":"publish","type":"post","link":"http:\/\/www.santaana.gob.ar\/home\/2022\/08\/25\/convenio-con-el-ministerio-de-desarrollo-social-de-la-provincia\/","title":{"rendered":"CONVENIO CON EL MINISTERIO DE DESARROLLO SOCIAL DE LA PROVINCIA"},"content":{"rendered":"<p>El Intendente Rogelio Zanandrea firm\u00f3 un convenio a trav\u00e9s del cual nuestro municipio se incorpora al Registro \u00danico de Centros de Desarrollo Infantil de Entre R\u00edos, por el sistema inform\u00e1tico RUCEDIER.<br \/>\n\u25aa El Rucedier es una herramienta virtual a partir de la cual se podr\u00e1n cargar datos de inter\u00e9s de nuestros ni\u00f1os que asisten a los centros de desarrollo infantil municipales el objetivo de poder elaborar estrategias y trabajar en su desarrollo integral.<br \/>\n\u25aa  El mismo se da en el marco de la estrategia provincial de primera infancia que se lleva adelante junto a UNICEF Argentina y en la reuni\u00f3n virtual estuvieron presentes intendentes de otras localidades, la ministra de Desarrollo Social Marisa Paira, la subsecretaria de Desarrollo Humano y Pol\u00edticas del Cuidado, Muriel Stablun y la responsable de la Asistencia T\u00e9cnica por UNICEF para el Rucedier, Vanesa Aparicio.<\/p>\n","protected":false},"excerpt":{"rendered":"<p>El Intendente Rogelio Zanandrea firm\u00f3 un convenio a trav\u00e9s del cual nuestro municipio se incorpora al Registro \u00danico de Centros de Desarrollo Infantil de Entre R\u00edos, por el sistema inform\u00e1tico RUCEDIER. \u25aa El Rucedier es una herramienta virtual a partir de la cual se podr\u00e1n cargar datos de inter\u00e9s de nuestros ni\u00f1os que asisten a<a class=\"moretag\" href=\"http:\/\/www.santaana.gob.ar\/home\/2022\/08\/25\/convenio-con-el-ministerio-de-desarrollo-social-de-la-provincia\/\"><span class=\"screen-reader-text\">Leer m\u00e1s sobre CONVENIO CON EL MINISTERIO DE DESARROLLO SOCIAL DE LA PROVINCIA<\/span>[&#8230;]<\/a><\/p>\n","protected":false},"author":1,"featured_media":2707,"comment_status":"open","ping_status":"open","sticky":false,"template":"","format":"standard","meta":{"footnotes":""},"categories":[1],"tags":[],"class_list":["post-2706","post","type-post","status-publish","format-standard","has-post-thumbnail","hentry","category-noticias"],"_links":{"self":[{"href":"http:\/\/www.santaana.gob.ar\/home\/wp-json\/wp\/v2\/posts\/2706","targetHints":{"allow":["GET"]}}],"collection":[{"href":"http:\/\/www.santaana.gob.ar\/home\/wp-json\/wp\/v2\/posts"}],"about":[{"href":"http:\/\/www.santaana.gob.ar\/home\/wp-json\/wp\/v2\/types\/post"}],"author":[{"embeddable":true,"href":"http:\/\/www.santaana.gob.ar\/home\/wp-json\/wp\/v2\/users\/1"}],"replies":[{"embeddable":true,"href":"http:\/\/www.santaana.gob.ar\/home\/wp-json\/wp\/v2\/comments?post=2706"}],"version-history":[{"count":1,"href":"http:\/\/www.santaana.gob.ar\/home\/wp-json\/wp\/v2\/posts\/2706\/revisions"}],"predecessor-version":[{"id":2708,"href":"http:\/\/www.santaana.gob.ar\/home\/wp-json\/wp\/v2\/posts\/2706\/revisions\/2708"}],"wp:featuredmedia":[{"embeddable":true,"href":"http:\/\/www.santaana.gob.ar\/home\/wp-json\/wp\/v2\/media\/2707"}],"wp:attachment":[{"href":"http:\/\/www.santaana.gob.ar\/home\/wp-json\/wp\/v2\/media?parent=2706"}],"wp:term":[{"taxonomy":"category","embeddable":true,"href":"http:\/\/www.santaana.gob.ar\/home\/wp-json\/wp\/v2\/categories?post=2706"},{"taxonomy":"post_tag","embeddable":true,"href":"http:\/\/www.santaana.gob.ar\/home\/wp-json\/wp\/v2\/tags?post=2706"}],"curies":[{"name":"wp","href":"https:\/\/api.w.org\/{rel}","templated":true}]}}