{"id":2703,"date":"2022-08-25T18:06:04","date_gmt":"2022-08-25T18:06:04","guid":{"rendered":"http:\/\/www.santaana.gob.ar\/home\/?p=2703"},"modified":"2022-08-25T18:06:04","modified_gmt":"2022-08-25T18:06:04","slug":"proyecto-interdisciplinario-de-pasantia-estudiantil","status":"publish","type":"post","link":"http:\/\/www.santaana.gob.ar\/home\/2022\/08\/25\/proyecto-interdisciplinario-de-pasantia-estudiantil\/","title":{"rendered":"PROYECTO INTERDISCIPLINARIO DE PASANT\u00cdA ESTUDIANTIL"},"content":{"rendered":"<p>Queremos felicitar a los alumnos de 6\u00b0 a\u00f1o de la Escuela Secundaria N\u00b01 \u00abSanta Ana\u00bb que finalizaron sus pasant\u00edas en las diferentes direcciones y \u00e1reas que conforman nuestro municipio.<br \/>\n\u25aa El proyecto surgi\u00f3 a partir de un convenio firmado entre la Municipalidad de Santa Ana y dicha instituci\u00f3n, donde alumnos y alumnas, que est\u00e1n transitando su \u00faltimo a\u00f1o de la educaci\u00f3n secundaria, desempe\u00f1aron diferentes actividades durante un per\u00edodo de dos meses, dos horas semanales.<br \/>\n\u25aa Esta pasant\u00eda forma parte de la actividad curricular, y tiene como objetivo la formaci\u00f3n educacional y de aprendizaje en los distintos campos como el social. profesional y cultural, motivo por el cual sus pr\u00e1cticas las llevaron a cabo en \u00e1reas de la municipalidad como catastro, renta, turismo, cultura, deporte, acci\u00f3n social y registro civil, fortaleciendo as\u00ed sus saberes y el v\u00ednculo interdisciplinario Municipio \u2013 Escuela.<\/p>\n","protected":false},"excerpt":{"rendered":"<p>Queremos felicitar a los alumnos de 6\u00b0 a\u00f1o de la Escuela Secundaria N\u00b01 \u00abSanta Ana\u00bb que finalizaron sus pasant\u00edas en las diferentes direcciones y \u00e1reas que conforman nuestro municipio. \u25aa El proyecto surgi\u00f3 a partir de un convenio firmado entre la Municipalidad de Santa Ana y dicha instituci\u00f3n, donde alumnos y alumnas, que est\u00e1n transitando<a class=\"moretag\" href=\"http:\/\/www.santaana.gob.ar\/home\/2022\/08\/25\/proyecto-interdisciplinario-de-pasantia-estudiantil\/\"><span class=\"screen-reader-text\">Leer m\u00e1s sobre PROYECTO INTERDISCIPLINARIO DE PASANT\u00cdA ESTUDIANTIL<\/span>[&#8230;]<\/a><\/p>\n","protected":false},"author":1,"featured_media":2704,"comment_status":"open","ping_status":"open","sticky":false,"template":"","format":"standard","meta":{"footnotes":""},"categories":[1],"tags":[],"class_list":["post-2703","post","type-post","status-publish","format-standard","has-post-thumbnail","hentry","category-noticias"],"_links":{"self":[{"href":"http:\/\/www.santaana.gob.ar\/home\/wp-json\/wp\/v2\/posts\/2703","targetHints":{"allow":["GET"]}}],"collection":[{"href":"http:\/\/www.santaana.gob.ar\/home\/wp-json\/wp\/v2\/posts"}],"about":[{"href":"http:\/\/www.santaana.gob.ar\/home\/wp-json\/wp\/v2\/types\/post"}],"author":[{"embeddable":true,"href":"http:\/\/www.santaana.gob.ar\/home\/wp-json\/wp\/v2\/users\/1"}],"replies":[{"embeddable":true,"href":"http:\/\/www.santaana.gob.ar\/home\/wp-json\/wp\/v2\/comments?post=2703"}],"version-history":[{"count":1,"href":"http:\/\/www.santaana.gob.ar\/home\/wp-json\/wp\/v2\/posts\/2703\/revisions"}],"predecessor-version":[{"id":2705,"href":"http:\/\/www.santaana.gob.ar\/home\/wp-json\/wp\/v2\/posts\/2703\/revisions\/2705"}],"wp:featuredmedia":[{"embeddable":true,"href":"http:\/\/www.santaana.gob.ar\/home\/wp-json\/wp\/v2\/media\/2704"}],"wp:attachment":[{"href":"http:\/\/www.santaana.gob.ar\/home\/wp-json\/wp\/v2\/media?parent=2703"}],"wp:term":[{"taxonomy":"category","embeddable":true,"href":"http:\/\/www.santaana.gob.ar\/home\/wp-json\/wp\/v2\/categories?post=2703"},{"taxonomy":"post_tag","embeddable":true,"href":"http:\/\/www.santaana.gob.ar\/home\/wp-json\/wp\/v2\/tags?post=2703"}],"curies":[{"name":"wp","href":"https:\/\/api.w.org\/{rel}","templated":true}]}}