{"id":2700,"date":"2022-08-25T18:02:38","date_gmt":"2022-08-25T18:02:38","guid":{"rendered":"http:\/\/www.santaana.gob.ar\/home\/?p=2700"},"modified":"2022-08-25T18:02:38","modified_gmt":"2022-08-25T18:02:38","slug":"queres-practicar-voley","status":"publish","type":"post","link":"http:\/\/www.santaana.gob.ar\/home\/2022\/08\/25\/queres-practicar-voley\/","title":{"rendered":"\u00bfQUER\u00c9S PRACTICAR VOLEY?"},"content":{"rendered":"<p>El \u00c1rea de Deportes de la Municipalidad de Santa Ana informa que en el mes de septiembre comienza el dictado de la disciplina voley.<br \/>\n\u2139\ufe0f La pr\u00e1ctica ser\u00e1 a partir de los 14 a\u00f1os y hasta la categor\u00eda libre, masculino y femenino. \u2026 Ver m\u00e1s<\/p>\n","protected":false},"excerpt":{"rendered":"<p>El \u00c1rea de Deportes de la Municipalidad de Santa Ana informa que en el mes de septiembre comienza el dictado de la disciplina voley. \u2139\ufe0f La pr\u00e1ctica ser\u00e1 a partir de los 14 a\u00f1os y hasta la categor\u00eda libre, masculino y femenino. \u2026 Ver m\u00e1s<\/p>\n","protected":false},"author":1,"featured_media":2701,"comment_status":"open","ping_status":"open","sticky":false,"template":"","format":"standard","meta":{"footnotes":""},"categories":[1],"tags":[],"class_list":["post-2700","post","type-post","status-publish","format-standard","has-post-thumbnail","hentry","category-noticias"],"_links":{"self":[{"href":"http:\/\/www.santaana.gob.ar\/home\/wp-json\/wp\/v2\/posts\/2700","targetHints":{"allow":["GET"]}}],"collection":[{"href":"http:\/\/www.santaana.gob.ar\/home\/wp-json\/wp\/v2\/posts"}],"about":[{"href":"http:\/\/www.santaana.gob.ar\/home\/wp-json\/wp\/v2\/types\/post"}],"author":[{"embeddable":true,"href":"http:\/\/www.santaana.gob.ar\/home\/wp-json\/wp\/v2\/users\/1"}],"replies":[{"embeddable":true,"href":"http:\/\/www.santaana.gob.ar\/home\/wp-json\/wp\/v2\/comments?post=2700"}],"version-history":[{"count":1,"href":"http:\/\/www.santaana.gob.ar\/home\/wp-json\/wp\/v2\/posts\/2700\/revisions"}],"predecessor-version":[{"id":2702,"href":"http:\/\/www.santaana.gob.ar\/home\/wp-json\/wp\/v2\/posts\/2700\/revisions\/2702"}],"wp:featuredmedia":[{"embeddable":true,"href":"http:\/\/www.santaana.gob.ar\/home\/wp-json\/wp\/v2\/media\/2701"}],"wp:attachment":[{"href":"http:\/\/www.santaana.gob.ar\/home\/wp-json\/wp\/v2\/media?parent=2700"}],"wp:term":[{"taxonomy":"category","embeddable":true,"href":"http:\/\/www.santaana.gob.ar\/home\/wp-json\/wp\/v2\/categories?post=2700"},{"taxonomy":"post_tag","embeddable":true,"href":"http:\/\/www.santaana.gob.ar\/home\/wp-json\/wp\/v2\/tags?post=2700"}],"curies":[{"name":"wp","href":"https:\/\/api.w.org\/{rel}","templated":true}]}}