{"id":2697,"date":"2022-08-24T13:15:55","date_gmt":"2022-08-24T13:15:55","guid":{"rendered":"http:\/\/www.santaana.gob.ar\/home\/?p=2697"},"modified":"2022-08-24T13:15:55","modified_gmt":"2022-08-24T13:15:55","slug":"continuan-las-obras-en-el-estadio","status":"publish","type":"post","link":"http:\/\/www.santaana.gob.ar\/home\/2022\/08\/24\/continuan-las-obras-en-el-estadio\/","title":{"rendered":"CONTIN\u00daAN LAS OBRAS EN EL ESTADIO"},"content":{"rendered":"<p>Personal de la Municipalidad de Santa Ana contin\u00faa trabajando en el \u00e1rea de servicios y tribunas en el estadio de f\u00fatbol y eventos culturales.<br \/>\nLa obra se realiza con recursos municipales y permitir\u00e1 sumar un nuevo \u00e1rea de servicios, cantinas, sanitarios y tribunas en el sector oeste del estadio de f\u00fatbol y predio ferial.<br \/>\nEstas obras posibilitar\u00e1n mayor comodidad y capacidad en la Fiesta Nacional de la Sand\u00eda y dem\u00e1s eventos deportivos y culturales que se realicen en el predio.<\/p>\n","protected":false},"excerpt":{"rendered":"<p>Personal de la Municipalidad de Santa Ana contin\u00faa trabajando en el \u00e1rea de servicios y tribunas en el estadio de f\u00fatbol y eventos culturales. La obra se realiza con recursos municipales y permitir\u00e1 sumar un nuevo \u00e1rea de servicios, cantinas, sanitarios y tribunas en el sector oeste del estadio de f\u00fatbol y predio ferial. Estas<a class=\"moretag\" href=\"http:\/\/www.santaana.gob.ar\/home\/2022\/08\/24\/continuan-las-obras-en-el-estadio\/\"><span class=\"screen-reader-text\">Leer m\u00e1s sobre CONTIN\u00daAN LAS OBRAS EN EL ESTADIO<\/span>[&#8230;]<\/a><\/p>\n","protected":false},"author":1,"featured_media":2698,"comment_status":"open","ping_status":"open","sticky":false,"template":"","format":"standard","meta":{"footnotes":""},"categories":[1],"tags":[],"class_list":["post-2697","post","type-post","status-publish","format-standard","has-post-thumbnail","hentry","category-noticias"],"_links":{"self":[{"href":"http:\/\/www.santaana.gob.ar\/home\/wp-json\/wp\/v2\/posts\/2697","targetHints":{"allow":["GET"]}}],"collection":[{"href":"http:\/\/www.santaana.gob.ar\/home\/wp-json\/wp\/v2\/posts"}],"about":[{"href":"http:\/\/www.santaana.gob.ar\/home\/wp-json\/wp\/v2\/types\/post"}],"author":[{"embeddable":true,"href":"http:\/\/www.santaana.gob.ar\/home\/wp-json\/wp\/v2\/users\/1"}],"replies":[{"embeddable":true,"href":"http:\/\/www.santaana.gob.ar\/home\/wp-json\/wp\/v2\/comments?post=2697"}],"version-history":[{"count":1,"href":"http:\/\/www.santaana.gob.ar\/home\/wp-json\/wp\/v2\/posts\/2697\/revisions"}],"predecessor-version":[{"id":2699,"href":"http:\/\/www.santaana.gob.ar\/home\/wp-json\/wp\/v2\/posts\/2697\/revisions\/2699"}],"wp:featuredmedia":[{"embeddable":true,"href":"http:\/\/www.santaana.gob.ar\/home\/wp-json\/wp\/v2\/media\/2698"}],"wp:attachment":[{"href":"http:\/\/www.santaana.gob.ar\/home\/wp-json\/wp\/v2\/media?parent=2697"}],"wp:term":[{"taxonomy":"category","embeddable":true,"href":"http:\/\/www.santaana.gob.ar\/home\/wp-json\/wp\/v2\/categories?post=2697"},{"taxonomy":"post_tag","embeddable":true,"href":"http:\/\/www.santaana.gob.ar\/home\/wp-json\/wp\/v2\/tags?post=2697"}],"curies":[{"name":"wp","href":"https:\/\/api.w.org\/{rel}","templated":true}]}}