{"id":2694,"date":"2022-08-24T13:14:43","date_gmt":"2022-08-24T13:14:43","guid":{"rendered":"http:\/\/www.santaana.gob.ar\/home\/?p=2694"},"modified":"2022-08-24T13:14:43","modified_gmt":"2022-08-24T13:14:43","slug":"comienza-la-colonia-recreativa-del-pami","status":"publish","type":"post","link":"http:\/\/www.santaana.gob.ar\/home\/2022\/08\/24\/comienza-la-colonia-recreativa-del-pami\/","title":{"rendered":"COMIENZA LA COLONIA RECREATIVA DEL PAMI"},"content":{"rendered":"<p>La misma se desarrolla en el marco del convenio suscripto entre el Dr. Sergio Bertelotti, Director Ejecutivo del Instituto Nacional de Servicios Sociales para Jubilados y Pensionados,  y el Intendente Rogelio Zanandrea.<br \/>\n\u25aa Las actividades comenzar\u00e1n el 1 de septiembre y se llevar\u00e1n a cabo dos veces por semana, los d\u00edas martes y jueves. \u00a1Habr\u00e1 juegos, actividades f\u00edsicas, paseos y buenos momentos para compartir!<br \/>\n\u2139 Por inscripciones podes dirigirte a la Direcci\u00f3n de Acci\u00f3n Social, en las instalaciones del NIDO.<\/p>\n","protected":false},"excerpt":{"rendered":"<p>La misma se desarrolla en el marco del convenio suscripto entre el Dr. Sergio Bertelotti, Director Ejecutivo del Instituto Nacional de Servicios Sociales para Jubilados y Pensionados, y el Intendente Rogelio Zanandrea. \u25aa Las actividades comenzar\u00e1n el 1 de septiembre y se llevar\u00e1n a cabo dos veces por semana, los d\u00edas martes y jueves. \u00a1Habr\u00e1<a class=\"moretag\" href=\"http:\/\/www.santaana.gob.ar\/home\/2022\/08\/24\/comienza-la-colonia-recreativa-del-pami\/\"><span class=\"screen-reader-text\">Leer m\u00e1s sobre COMIENZA LA COLONIA RECREATIVA DEL PAMI<\/span>[&#8230;]<\/a><\/p>\n","protected":false},"author":1,"featured_media":2695,"comment_status":"open","ping_status":"open","sticky":false,"template":"","format":"standard","meta":{"footnotes":""},"categories":[1],"tags":[],"class_list":["post-2694","post","type-post","status-publish","format-standard","has-post-thumbnail","hentry","category-noticias"],"_links":{"self":[{"href":"http:\/\/www.santaana.gob.ar\/home\/wp-json\/wp\/v2\/posts\/2694","targetHints":{"allow":["GET"]}}],"collection":[{"href":"http:\/\/www.santaana.gob.ar\/home\/wp-json\/wp\/v2\/posts"}],"about":[{"href":"http:\/\/www.santaana.gob.ar\/home\/wp-json\/wp\/v2\/types\/post"}],"author":[{"embeddable":true,"href":"http:\/\/www.santaana.gob.ar\/home\/wp-json\/wp\/v2\/users\/1"}],"replies":[{"embeddable":true,"href":"http:\/\/www.santaana.gob.ar\/home\/wp-json\/wp\/v2\/comments?post=2694"}],"version-history":[{"count":1,"href":"http:\/\/www.santaana.gob.ar\/home\/wp-json\/wp\/v2\/posts\/2694\/revisions"}],"predecessor-version":[{"id":2696,"href":"http:\/\/www.santaana.gob.ar\/home\/wp-json\/wp\/v2\/posts\/2694\/revisions\/2696"}],"wp:featuredmedia":[{"embeddable":true,"href":"http:\/\/www.santaana.gob.ar\/home\/wp-json\/wp\/v2\/media\/2695"}],"wp:attachment":[{"href":"http:\/\/www.santaana.gob.ar\/home\/wp-json\/wp\/v2\/media?parent=2694"}],"wp:term":[{"taxonomy":"category","embeddable":true,"href":"http:\/\/www.santaana.gob.ar\/home\/wp-json\/wp\/v2\/categories?post=2694"},{"taxonomy":"post_tag","embeddable":true,"href":"http:\/\/www.santaana.gob.ar\/home\/wp-json\/wp\/v2\/tags?post=2694"}],"curies":[{"name":"wp","href":"https:\/\/api.w.org\/{rel}","templated":true}]}}