{"id":2674,"date":"2022-08-16T15:12:03","date_gmt":"2022-08-16T15:12:03","guid":{"rendered":"http:\/\/www.santaana.gob.ar\/home\/?p=2674"},"modified":"2022-08-16T15:12:03","modified_gmt":"2022-08-16T15:12:03","slug":"festejamos-el-dia-del-nino-2","status":"publish","type":"post","link":"http:\/\/www.santaana.gob.ar\/home\/2022\/08\/16\/festejamos-el-dia-del-nino-2\/","title":{"rendered":"FESTEJAMOS EL D\u00cdA DEL NI\u00d1O"},"content":{"rendered":"<p>En una excelente jornada las ni\u00f1as y los ni\u00f1os de la localidad y la zona rural pudieron disfrutar de show de magia, entretenimientos, sorteos, chocolate y facturas.<br \/>\n\ud83d\ude4c Muchas gracias a las familias por acompa\u00f1arnos gracias al Jard\u00edn Maternal \u00abMiguitas de Ternura\u00bb, al merendero \u00abManos Unidas\u00bb y al equipo Municipal por el trabajo realizado.<br \/>\n\ud83d\udcf7 Estefania Pe\u00f1a \ud83d\udc4c<\/p>\n","protected":false},"excerpt":{"rendered":"<p>En una excelente jornada las ni\u00f1as y los ni\u00f1os de la localidad y la zona rural pudieron disfrutar de show de magia, entretenimientos, sorteos, chocolate y facturas. \ud83d\ude4c Muchas gracias a las familias por acompa\u00f1arnos gracias al Jard\u00edn Maternal \u00abMiguitas de Ternura\u00bb, al merendero \u00abManos Unidas\u00bb y al equipo Municipal por el trabajo realizado. \ud83d\udcf7<a class=\"moretag\" href=\"http:\/\/www.santaana.gob.ar\/home\/2022\/08\/16\/festejamos-el-dia-del-nino-2\/\"><span class=\"screen-reader-text\">Leer m\u00e1s sobre FESTEJAMOS EL D\u00cdA DEL NI\u00d1O<\/span>[&#8230;]<\/a><\/p>\n","protected":false},"author":1,"featured_media":2675,"comment_status":"open","ping_status":"open","sticky":false,"template":"","format":"standard","meta":{"footnotes":""},"categories":[1],"tags":[],"class_list":["post-2674","post","type-post","status-publish","format-standard","has-post-thumbnail","hentry","category-noticias"],"_links":{"self":[{"href":"http:\/\/www.santaana.gob.ar\/home\/wp-json\/wp\/v2\/posts\/2674","targetHints":{"allow":["GET"]}}],"collection":[{"href":"http:\/\/www.santaana.gob.ar\/home\/wp-json\/wp\/v2\/posts"}],"about":[{"href":"http:\/\/www.santaana.gob.ar\/home\/wp-json\/wp\/v2\/types\/post"}],"author":[{"embeddable":true,"href":"http:\/\/www.santaana.gob.ar\/home\/wp-json\/wp\/v2\/users\/1"}],"replies":[{"embeddable":true,"href":"http:\/\/www.santaana.gob.ar\/home\/wp-json\/wp\/v2\/comments?post=2674"}],"version-history":[{"count":1,"href":"http:\/\/www.santaana.gob.ar\/home\/wp-json\/wp\/v2\/posts\/2674\/revisions"}],"predecessor-version":[{"id":2676,"href":"http:\/\/www.santaana.gob.ar\/home\/wp-json\/wp\/v2\/posts\/2674\/revisions\/2676"}],"wp:featuredmedia":[{"embeddable":true,"href":"http:\/\/www.santaana.gob.ar\/home\/wp-json\/wp\/v2\/media\/2675"}],"wp:attachment":[{"href":"http:\/\/www.santaana.gob.ar\/home\/wp-json\/wp\/v2\/media?parent=2674"}],"wp:term":[{"taxonomy":"category","embeddable":true,"href":"http:\/\/www.santaana.gob.ar\/home\/wp-json\/wp\/v2\/categories?post=2674"},{"taxonomy":"post_tag","embeddable":true,"href":"http:\/\/www.santaana.gob.ar\/home\/wp-json\/wp\/v2\/tags?post=2674"}],"curies":[{"name":"wp","href":"https:\/\/api.w.org\/{rel}","templated":true}]}}