{"id":267,"date":"2017-09-21T10:50:43","date_gmt":"2017-09-21T10:50:43","guid":{"rendered":"http:\/\/www.santaana.gob.ar\/home\/?p=267"},"modified":"2017-09-21T10:50:43","modified_gmt":"2017-09-21T10:50:43","slug":"municipalidad-y-d-p-v-trabajan-en-bacheos-sobre-ruta-provincial-no-2","status":"publish","type":"post","link":"http:\/\/www.santaana.gob.ar\/home\/2017\/09\/21\/municipalidad-y-d-p-v-trabajan-en-bacheos-sobre-ruta-provincial-no-2\/","title":{"rendered":"MUNICIPALIDAD Y D.P.V. TRABAJAN EN BACHEOS SOBRE RUTA PROVINCIAL N\u00ba 2"},"content":{"rendered":"<p><img loading=\"lazy\" decoding=\"async\" class=\"alignnone  wp-image-270\" src=\"http:\/\/www.santaana.gob.ar\/home\/wp-content\/uploads\/2017\/09\/IMG-20170920-WA0004.jpg\" alt=\"\" width=\"609\" height=\"343\" srcset=\"http:\/\/www.santaana.gob.ar\/home\/wp-content\/uploads\/2017\/09\/IMG-20170920-WA0004.jpg 1032w, http:\/\/www.santaana.gob.ar\/home\/wp-content\/uploads\/2017\/09\/IMG-20170920-WA0004-300x169.jpg 300w, http:\/\/www.santaana.gob.ar\/home\/wp-content\/uploads\/2017\/09\/IMG-20170920-WA0004-768x432.jpg 768w, http:\/\/www.santaana.gob.ar\/home\/wp-content\/uploads\/2017\/09\/IMG-20170920-WA0004-1024x576.jpg 1024w\" sizes=\"auto, (max-width: 609px) 100vw, 609px\" \/><\/p>\n<p>La Municipalidad de Santa Ana en conjunto con la Direcci\u00f3n Provincial de Vialidad est\u00e1 abocada al trabajo de bacheos y reparaci\u00f3n de los sectores mas cr\u00edticos sobre la ruta Provincial N\u00ba 2 que une las localidades de Santa Ana y Villa del Rosario.<br \/>\nEsta ruta que ya cuenta con veinte a\u00f1os desde su construcci\u00f3n sufre permanentemente los deterioros producto del tiempo y el alto tr\u00e1nsito de la producci\u00f3n de la zona, los vecinos y el turismo en general.<br \/>\nSi bien la jurisdicci\u00f3n donde se producen los mayores deterioros de la ruta no corresponden al ejido Municipal de Santa Ana, es la unica salida que tiene nuestra localidad hacia localidades vecinas y la Autov\u00eda Nacional N\u00ba 14, es por ello que nuestro Municipio con la colaboraci\u00f3n de la Direcci\u00f3n Provincial de Vialidad han realizado estas reparaciones provisorias hasta tanto el gobierno de la provincia a trav\u00e9s de sus organismos realice la repavimentaci\u00f3n de la misma<\/p>\n<p><img loading=\"lazy\" decoding=\"async\" class=\"alignnone  wp-image-269\" src=\"http:\/\/www.santaana.gob.ar\/home\/wp-content\/uploads\/2017\/09\/IMG-20170920-WA0003.jpg\" alt=\"\" width=\"599\" height=\"337\" srcset=\"http:\/\/www.santaana.gob.ar\/home\/wp-content\/uploads\/2017\/09\/IMG-20170920-WA0003.jpg 1032w, http:\/\/www.santaana.gob.ar\/home\/wp-content\/uploads\/2017\/09\/IMG-20170920-WA0003-300x169.jpg 300w, http:\/\/www.santaana.gob.ar\/home\/wp-content\/uploads\/2017\/09\/IMG-20170920-WA0003-768x432.jpg 768w, http:\/\/www.santaana.gob.ar\/home\/wp-content\/uploads\/2017\/09\/IMG-20170920-WA0003-1024x576.jpg 1024w\" sizes=\"auto, (max-width: 599px) 100vw, 599px\" \/><\/p>\n","protected":false},"excerpt":{"rendered":"<p>La Municipalidad de Santa Ana en conjunto con la Direcci\u00f3n Provincial de Vialidad est\u00e1 abocada al trabajo de bacheos y reparaci\u00f3n de los sectores mas cr\u00edticos sobre la ruta Provincial N\u00ba 2 que une las localidades de Santa Ana y Villa del Rosario. Esta ruta que ya cuenta con veinte a\u00f1os desde su construcci\u00f3n sufre<a class=\"moretag\" href=\"http:\/\/www.santaana.gob.ar\/home\/2017\/09\/21\/municipalidad-y-d-p-v-trabajan-en-bacheos-sobre-ruta-provincial-no-2\/\"><span class=\"screen-reader-text\">Leer m\u00e1s sobre MUNICIPALIDAD Y D.P.V. TRABAJAN EN BACHEOS SOBRE RUTA PROVINCIAL N\u00ba 2<\/span>[&#8230;]<\/a><\/p>\n","protected":false},"author":1,"featured_media":268,"comment_status":"open","ping_status":"open","sticky":false,"template":"","format":"standard","meta":{"footnotes":""},"categories":[1],"tags":[],"class_list":["post-267","post","type-post","status-publish","format-standard","has-post-thumbnail","hentry","category-noticias"],"_links":{"self":[{"href":"http:\/\/www.santaana.gob.ar\/home\/wp-json\/wp\/v2\/posts\/267","targetHints":{"allow":["GET"]}}],"collection":[{"href":"http:\/\/www.santaana.gob.ar\/home\/wp-json\/wp\/v2\/posts"}],"about":[{"href":"http:\/\/www.santaana.gob.ar\/home\/wp-json\/wp\/v2\/types\/post"}],"author":[{"embeddable":true,"href":"http:\/\/www.santaana.gob.ar\/home\/wp-json\/wp\/v2\/users\/1"}],"replies":[{"embeddable":true,"href":"http:\/\/www.santaana.gob.ar\/home\/wp-json\/wp\/v2\/comments?post=267"}],"version-history":[{"count":1,"href":"http:\/\/www.santaana.gob.ar\/home\/wp-json\/wp\/v2\/posts\/267\/revisions"}],"predecessor-version":[{"id":271,"href":"http:\/\/www.santaana.gob.ar\/home\/wp-json\/wp\/v2\/posts\/267\/revisions\/271"}],"wp:featuredmedia":[{"embeddable":true,"href":"http:\/\/www.santaana.gob.ar\/home\/wp-json\/wp\/v2\/media\/268"}],"wp:attachment":[{"href":"http:\/\/www.santaana.gob.ar\/home\/wp-json\/wp\/v2\/media?parent=267"}],"wp:term":[{"taxonomy":"category","embeddable":true,"href":"http:\/\/www.santaana.gob.ar\/home\/wp-json\/wp\/v2\/categories?post=267"},{"taxonomy":"post_tag","embeddable":true,"href":"http:\/\/www.santaana.gob.ar\/home\/wp-json\/wp\/v2\/tags?post=267"}],"curies":[{"name":"wp","href":"https:\/\/api.w.org\/{rel}","templated":true}]}}