{"id":2665,"date":"2022-08-13T20:41:32","date_gmt":"2022-08-13T20:41:32","guid":{"rendered":"http:\/\/www.santaana.gob.ar\/home\/?p=2665"},"modified":"2022-08-13T20:41:32","modified_gmt":"2022-08-13T20:41:32","slug":"visita-del-gobernador-a-la-zona","status":"publish","type":"post","link":"http:\/\/www.santaana.gob.ar\/home\/2022\/08\/13\/visita-del-gobernador-a-la-zona\/","title":{"rendered":"VISITA DEL GOBERNADOR A LA ZONA"},"content":{"rendered":"<p>Este viernes 12 de agosto el Intendente Rogelio Zanandrea estuvo participando, en la localidad de Villa del Rosario, de la visita del Gobernador Gustavo Bordet.<br \/>\n\u25aa\ufe0f All\u00ed nuestro municipio recibi\u00f3 un aporte para la construcci\u00f3n de sanitarios y \u00e1rea de servicios en el marco del Programa Iniciaci\u00f3n,  Formaci\u00f3n y Recreaci\u00f3n Deportiva.<br \/>\n\ud83d\ude4c Adem\u00e1s el Gobernador anunci\u00f3 que en los pr\u00f3ximos d\u00edas firmar\u00e1 el Decreto de autorizaci\u00f3n para la perforaci\u00f3n de aguas termales tan anhelado por nuestra comunidad.<\/p>\n","protected":false},"excerpt":{"rendered":"<p>Este viernes 12 de agosto el Intendente Rogelio Zanandrea estuvo participando, en la localidad de Villa del Rosario, de la visita del Gobernador Gustavo Bordet. \u25aa\ufe0f All\u00ed nuestro municipio recibi\u00f3 un aporte para la construcci\u00f3n de sanitarios y \u00e1rea de servicios en el marco del Programa Iniciaci\u00f3n, Formaci\u00f3n y Recreaci\u00f3n Deportiva. \ud83d\ude4c Adem\u00e1s el Gobernador<a class=\"moretag\" href=\"http:\/\/www.santaana.gob.ar\/home\/2022\/08\/13\/visita-del-gobernador-a-la-zona\/\"><span class=\"screen-reader-text\">Leer m\u00e1s sobre VISITA DEL GOBERNADOR A LA ZONA<\/span>[&#8230;]<\/a><\/p>\n","protected":false},"author":1,"featured_media":2666,"comment_status":"open","ping_status":"open","sticky":false,"template":"","format":"standard","meta":{"footnotes":""},"categories":[1],"tags":[],"class_list":["post-2665","post","type-post","status-publish","format-standard","has-post-thumbnail","hentry","category-noticias"],"_links":{"self":[{"href":"http:\/\/www.santaana.gob.ar\/home\/wp-json\/wp\/v2\/posts\/2665","targetHints":{"allow":["GET"]}}],"collection":[{"href":"http:\/\/www.santaana.gob.ar\/home\/wp-json\/wp\/v2\/posts"}],"about":[{"href":"http:\/\/www.santaana.gob.ar\/home\/wp-json\/wp\/v2\/types\/post"}],"author":[{"embeddable":true,"href":"http:\/\/www.santaana.gob.ar\/home\/wp-json\/wp\/v2\/users\/1"}],"replies":[{"embeddable":true,"href":"http:\/\/www.santaana.gob.ar\/home\/wp-json\/wp\/v2\/comments?post=2665"}],"version-history":[{"count":1,"href":"http:\/\/www.santaana.gob.ar\/home\/wp-json\/wp\/v2\/posts\/2665\/revisions"}],"predecessor-version":[{"id":2667,"href":"http:\/\/www.santaana.gob.ar\/home\/wp-json\/wp\/v2\/posts\/2665\/revisions\/2667"}],"wp:featuredmedia":[{"embeddable":true,"href":"http:\/\/www.santaana.gob.ar\/home\/wp-json\/wp\/v2\/media\/2666"}],"wp:attachment":[{"href":"http:\/\/www.santaana.gob.ar\/home\/wp-json\/wp\/v2\/media?parent=2665"}],"wp:term":[{"taxonomy":"category","embeddable":true,"href":"http:\/\/www.santaana.gob.ar\/home\/wp-json\/wp\/v2\/categories?post=2665"},{"taxonomy":"post_tag","embeddable":true,"href":"http:\/\/www.santaana.gob.ar\/home\/wp-json\/wp\/v2\/tags?post=2665"}],"curies":[{"name":"wp","href":"https:\/\/api.w.org\/{rel}","templated":true}]}}