{"id":2663,"date":"2022-08-13T20:37:56","date_gmt":"2022-08-13T20:37:56","guid":{"rendered":"http:\/\/www.santaana.gob.ar\/home\/?p=2663"},"modified":"2022-08-13T20:37:56","modified_gmt":"2022-08-13T20:37:56","slug":"recoleccion-de-residuos-para-este-feriado-5","status":"publish","type":"post","link":"http:\/\/www.santaana.gob.ar\/home\/2022\/08\/13\/recoleccion-de-residuos-para-este-feriado-5\/","title":{"rendered":"RECOLECCI\u00d3N DE RESIDUOS PARA ESTE FERIADO"},"content":{"rendered":"<p>La Municipalidad de Santa Ana informa que la recolecci\u00f3n de residuos del lunes, debido al feriado nacional, pasa para el d\u00eda martes en sus horarios habituales.<br \/>\n\ud83d\ude4cDesde ya agradecemos la colaboraci\u00f3n de la comunidad.<\/p>\n","protected":false},"excerpt":{"rendered":"<p>La Municipalidad de Santa Ana informa que la recolecci\u00f3n de residuos del lunes, debido al feriado nacional, pasa para el d\u00eda martes en sus horarios habituales. \ud83d\ude4cDesde ya agradecemos la colaboraci\u00f3n de la comunidad.<\/p>\n","protected":false},"author":1,"featured_media":1869,"comment_status":"open","ping_status":"open","sticky":false,"template":"","format":"standard","meta":{"footnotes":""},"categories":[1],"tags":[],"class_list":["post-2663","post","type-post","status-publish","format-standard","has-post-thumbnail","hentry","category-noticias"],"_links":{"self":[{"href":"http:\/\/www.santaana.gob.ar\/home\/wp-json\/wp\/v2\/posts\/2663","targetHints":{"allow":["GET"]}}],"collection":[{"href":"http:\/\/www.santaana.gob.ar\/home\/wp-json\/wp\/v2\/posts"}],"about":[{"href":"http:\/\/www.santaana.gob.ar\/home\/wp-json\/wp\/v2\/types\/post"}],"author":[{"embeddable":true,"href":"http:\/\/www.santaana.gob.ar\/home\/wp-json\/wp\/v2\/users\/1"}],"replies":[{"embeddable":true,"href":"http:\/\/www.santaana.gob.ar\/home\/wp-json\/wp\/v2\/comments?post=2663"}],"version-history":[{"count":1,"href":"http:\/\/www.santaana.gob.ar\/home\/wp-json\/wp\/v2\/posts\/2663\/revisions"}],"predecessor-version":[{"id":2664,"href":"http:\/\/www.santaana.gob.ar\/home\/wp-json\/wp\/v2\/posts\/2663\/revisions\/2664"}],"wp:featuredmedia":[{"embeddable":true,"href":"http:\/\/www.santaana.gob.ar\/home\/wp-json\/wp\/v2\/media\/1869"}],"wp:attachment":[{"href":"http:\/\/www.santaana.gob.ar\/home\/wp-json\/wp\/v2\/media?parent=2663"}],"wp:term":[{"taxonomy":"category","embeddable":true,"href":"http:\/\/www.santaana.gob.ar\/home\/wp-json\/wp\/v2\/categories?post=2663"},{"taxonomy":"post_tag","embeddable":true,"href":"http:\/\/www.santaana.gob.ar\/home\/wp-json\/wp\/v2\/tags?post=2663"}],"curies":[{"name":"wp","href":"https:\/\/api.w.org\/{rel}","templated":true}]}}