{"id":2651,"date":"2022-08-12T12:16:28","date_gmt":"2022-08-12T12:16:28","guid":{"rendered":"http:\/\/www.santaana.gob.ar\/home\/?p=2651"},"modified":"2022-08-16T20:57:20","modified_gmt":"2022-08-16T20:57:20","slug":"llamado-licitacion-publica-no01-2022","status":"publish","type":"post","link":"http:\/\/www.santaana.gob.ar\/home\/2022\/08\/12\/llamado-licitacion-publica-no01-2022\/","title":{"rendered":"LLAMADO LICITACI\u00d3N P\u00daBLICA N\u00ba01\/2022"},"content":{"rendered":"<p>La municipalidad de Santa Ana, provincia de Entre R\u00edos, dispone el llamado a Licitaci\u00f3n P\u00fablica. que tiene por objeto la adjudicaci\u00f3n en concesi\u00f3n de la explotaci\u00f3n de los servicios de \u201cPROVEEDURIA, CANTINA, RESTAURANTE y HELADER\u00cdA\u00bb EN EL CAMPING MUNICIPAL de SANTA ANA\u201d<br \/>\nDispone el d\u00eda martes 06 de septiembre de 2022, a la hora 9:00 para apertura de propuestas.<\/p>\n<p><b>Descargar Pliegos<\/b><br \/>\n<a href=\"http:\/\/www.santaana.gob.ar\/Licitaciones\/LicPub012022\/Decreto.pdf\">Decreto<\/a><br \/>\n<a href=\"http:\/\/www.santaana.gob.ar\/Licitaciones\/LicPub012022\/Generales.pdf\">Pliego Condiciones Generales<\/a><br \/>\n<a href=\"http:\/\/www.santaana.gob.ar\/Licitaciones\/LicPub012022\/Particulares.pdf\">Pliego Condiciones Particulares<\/a><br \/>\n<a href=\"http:\/\/www.santaana.gob.ar\/Licitaciones\/LicPub012022\/AnexoI.pdf\">Anexo I<\/a><br \/>\n<a href=\"http:\/\/www.santaana.gob.ar\/Licitaciones\/LicPub012022\/AnexoII.pdf\">Anexo II<\/a><\/p>\n","protected":false},"excerpt":{"rendered":"<p>La municipalidad de Santa Ana, provincia de Entre R\u00edos, dispone el llamado a Licitaci\u00f3n P\u00fablica. que tiene por objeto la adjudicaci\u00f3n en concesi\u00f3n de la explotaci\u00f3n de los servicios de \u201cPROVEEDURIA, CANTINA, RESTAURANTE y HELADER\u00cdA\u00bb EN EL CAMPING MUNICIPAL de SANTA ANA\u201d Dispone el d\u00eda martes 06 de septiembre de 2022, a la hora 9:00<a class=\"moretag\" href=\"http:\/\/www.santaana.gob.ar\/home\/2022\/08\/12\/llamado-licitacion-publica-no01-2022\/\"><span class=\"screen-reader-text\">Leer m\u00e1s sobre LLAMADO LICITACI\u00d3N P\u00daBLICA N\u00ba01\/2022<\/span>[&#8230;]<\/a><\/p>\n","protected":false},"author":1,"featured_media":2057,"comment_status":"open","ping_status":"open","sticky":false,"template":"","format":"standard","meta":{"footnotes":""},"categories":[1],"tags":[],"class_list":["post-2651","post","type-post","status-publish","format-standard","has-post-thumbnail","hentry","category-noticias"],"_links":{"self":[{"href":"http:\/\/www.santaana.gob.ar\/home\/wp-json\/wp\/v2\/posts\/2651","targetHints":{"allow":["GET"]}}],"collection":[{"href":"http:\/\/www.santaana.gob.ar\/home\/wp-json\/wp\/v2\/posts"}],"about":[{"href":"http:\/\/www.santaana.gob.ar\/home\/wp-json\/wp\/v2\/types\/post"}],"author":[{"embeddable":true,"href":"http:\/\/www.santaana.gob.ar\/home\/wp-json\/wp\/v2\/users\/1"}],"replies":[{"embeddable":true,"href":"http:\/\/www.santaana.gob.ar\/home\/wp-json\/wp\/v2\/comments?post=2651"}],"version-history":[{"count":3,"href":"http:\/\/www.santaana.gob.ar\/home\/wp-json\/wp\/v2\/posts\/2651\/revisions"}],"predecessor-version":[{"id":2683,"href":"http:\/\/www.santaana.gob.ar\/home\/wp-json\/wp\/v2\/posts\/2651\/revisions\/2683"}],"wp:featuredmedia":[{"embeddable":true,"href":"http:\/\/www.santaana.gob.ar\/home\/wp-json\/wp\/v2\/media\/2057"}],"wp:attachment":[{"href":"http:\/\/www.santaana.gob.ar\/home\/wp-json\/wp\/v2\/media?parent=2651"}],"wp:term":[{"taxonomy":"category","embeddable":true,"href":"http:\/\/www.santaana.gob.ar\/home\/wp-json\/wp\/v2\/categories?post=2651"},{"taxonomy":"post_tag","embeddable":true,"href":"http:\/\/www.santaana.gob.ar\/home\/wp-json\/wp\/v2\/tags?post=2651"}],"curies":[{"name":"wp","href":"https:\/\/api.w.org\/{rel}","templated":true}]}}