{"id":2648,"date":"2022-08-12T11:35:00","date_gmt":"2022-08-12T11:35:00","guid":{"rendered":"http:\/\/www.santaana.gob.ar\/home\/?p=2648"},"modified":"2022-08-12T11:35:00","modified_gmt":"2022-08-12T11:35:00","slug":"festejamos-el-dia-del-nino","status":"publish","type":"post","link":"http:\/\/www.santaana.gob.ar\/home\/2022\/08\/12\/festejamos-el-dia-del-nino\/","title":{"rendered":"FESTEJAMOS EL DIA DEL NI\u00d1O"},"content":{"rendered":"<p>Este domingo 14, a las 15.30 horas, te esperamos en Plaza San Mart\u00edn para celebrar el d\u00eda de nuestros gurises.<br \/>\n\ud83e\udd73 Habr\u00e1 m\u00fasica, juegos, sorteos de bicicletas y juguetes, show de magia y mucha diversi\u00f3n. Adem\u00e1s vamos a compartir facturas y chocolate.<br \/>\n\ud83d\udc4f Organiza la Municipalidad de Santa Ana junto al Jard\u00edn Municipal. \u00a1Te esperamos!<\/p>\n","protected":false},"excerpt":{"rendered":"<p>Este domingo 14, a las 15.30 horas, te esperamos en Plaza San Mart\u00edn para celebrar el d\u00eda de nuestros gurises. \ud83e\udd73 Habr\u00e1 m\u00fasica, juegos, sorteos de bicicletas y juguetes, show de magia y mucha diversi\u00f3n. Adem\u00e1s vamos a compartir facturas y chocolate. \ud83d\udc4f Organiza la Municipalidad de Santa Ana junto al Jard\u00edn Municipal. \u00a1Te esperamos!<\/p>\n","protected":false},"author":1,"featured_media":2649,"comment_status":"open","ping_status":"open","sticky":false,"template":"","format":"standard","meta":{"footnotes":""},"categories":[1],"tags":[],"class_list":["post-2648","post","type-post","status-publish","format-standard","has-post-thumbnail","hentry","category-noticias"],"_links":{"self":[{"href":"http:\/\/www.santaana.gob.ar\/home\/wp-json\/wp\/v2\/posts\/2648","targetHints":{"allow":["GET"]}}],"collection":[{"href":"http:\/\/www.santaana.gob.ar\/home\/wp-json\/wp\/v2\/posts"}],"about":[{"href":"http:\/\/www.santaana.gob.ar\/home\/wp-json\/wp\/v2\/types\/post"}],"author":[{"embeddable":true,"href":"http:\/\/www.santaana.gob.ar\/home\/wp-json\/wp\/v2\/users\/1"}],"replies":[{"embeddable":true,"href":"http:\/\/www.santaana.gob.ar\/home\/wp-json\/wp\/v2\/comments?post=2648"}],"version-history":[{"count":1,"href":"http:\/\/www.santaana.gob.ar\/home\/wp-json\/wp\/v2\/posts\/2648\/revisions"}],"predecessor-version":[{"id":2650,"href":"http:\/\/www.santaana.gob.ar\/home\/wp-json\/wp\/v2\/posts\/2648\/revisions\/2650"}],"wp:featuredmedia":[{"embeddable":true,"href":"http:\/\/www.santaana.gob.ar\/home\/wp-json\/wp\/v2\/media\/2649"}],"wp:attachment":[{"href":"http:\/\/www.santaana.gob.ar\/home\/wp-json\/wp\/v2\/media?parent=2648"}],"wp:term":[{"taxonomy":"category","embeddable":true,"href":"http:\/\/www.santaana.gob.ar\/home\/wp-json\/wp\/v2\/categories?post=2648"},{"taxonomy":"post_tag","embeddable":true,"href":"http:\/\/www.santaana.gob.ar\/home\/wp-json\/wp\/v2\/tags?post=2648"}],"curies":[{"name":"wp","href":"https:\/\/api.w.org\/{rel}","templated":true}]}}