{"id":2646,"date":"2022-08-10T11:41:16","date_gmt":"2022-08-10T11:41:16","guid":{"rendered":"http:\/\/www.santaana.gob.ar\/home\/?p=2646"},"modified":"2022-08-10T11:41:16","modified_gmt":"2022-08-10T11:41:16","slug":"anses-atendera-en-santa-ana-18","status":"publish","type":"post","link":"http:\/\/www.santaana.gob.ar\/home\/2022\/08\/10\/anses-atendera-en-santa-ana-18\/","title":{"rendered":"ANSES ATENDER\u00c1 EN SANTA ANA"},"content":{"rendered":"<p>Ser\u00e1 el mi\u00e9rcoles 24 de agosto de 8 a 13 horas en las instalaciones del NIDO, y se podr\u00e1n realizar diferentes tr\u00e1mites vinculados a la asignaci\u00f3n universal, monotributo, obra social, reclamos y asesoramiento en general, entre otros.<br \/>\n\u2139\ufe0f Los interesados deber\u00e1n concurrir ese mismo d\u00eda ya que la atenci\u00f3n se realizar\u00e1 por orden de llegada.<\/p>\n","protected":false},"excerpt":{"rendered":"<p>Ser\u00e1 el mi\u00e9rcoles 24 de agosto de 8 a 13 horas en las instalaciones del NIDO, y se podr\u00e1n realizar diferentes tr\u00e1mites vinculados a la asignaci\u00f3n universal, monotributo, obra social, reclamos y asesoramiento en general, entre otros. \u2139\ufe0f Los interesados deber\u00e1n concurrir ese mismo d\u00eda ya que la atenci\u00f3n se realizar\u00e1 por orden de llegada.<\/p>\n","protected":false},"author":1,"featured_media":2560,"comment_status":"open","ping_status":"open","sticky":false,"template":"","format":"standard","meta":{"footnotes":""},"categories":[1],"tags":[],"class_list":["post-2646","post","type-post","status-publish","format-standard","has-post-thumbnail","hentry","category-noticias"],"_links":{"self":[{"href":"http:\/\/www.santaana.gob.ar\/home\/wp-json\/wp\/v2\/posts\/2646","targetHints":{"allow":["GET"]}}],"collection":[{"href":"http:\/\/www.santaana.gob.ar\/home\/wp-json\/wp\/v2\/posts"}],"about":[{"href":"http:\/\/www.santaana.gob.ar\/home\/wp-json\/wp\/v2\/types\/post"}],"author":[{"embeddable":true,"href":"http:\/\/www.santaana.gob.ar\/home\/wp-json\/wp\/v2\/users\/1"}],"replies":[{"embeddable":true,"href":"http:\/\/www.santaana.gob.ar\/home\/wp-json\/wp\/v2\/comments?post=2646"}],"version-history":[{"count":1,"href":"http:\/\/www.santaana.gob.ar\/home\/wp-json\/wp\/v2\/posts\/2646\/revisions"}],"predecessor-version":[{"id":2647,"href":"http:\/\/www.santaana.gob.ar\/home\/wp-json\/wp\/v2\/posts\/2646\/revisions\/2647"}],"wp:featuredmedia":[{"embeddable":true,"href":"http:\/\/www.santaana.gob.ar\/home\/wp-json\/wp\/v2\/media\/2560"}],"wp:attachment":[{"href":"http:\/\/www.santaana.gob.ar\/home\/wp-json\/wp\/v2\/media?parent=2646"}],"wp:term":[{"taxonomy":"category","embeddable":true,"href":"http:\/\/www.santaana.gob.ar\/home\/wp-json\/wp\/v2\/categories?post=2646"},{"taxonomy":"post_tag","embeddable":true,"href":"http:\/\/www.santaana.gob.ar\/home\/wp-json\/wp\/v2\/tags?post=2646"}],"curies":[{"name":"wp","href":"https:\/\/api.w.org\/{rel}","templated":true}]}}