{"id":2643,"date":"2022-08-09T11:39:00","date_gmt":"2022-08-09T11:39:00","guid":{"rendered":"http:\/\/www.santaana.gob.ar\/home\/?p=2643"},"modified":"2022-08-10T11:40:39","modified_gmt":"2022-08-10T11:40:39","slug":"charla-informativa-sobre-monotributo-social-en-chajari","status":"publish","type":"post","link":"http:\/\/www.santaana.gob.ar\/home\/2022\/08\/09\/charla-informativa-sobre-monotributo-social-en-chajari\/","title":{"rendered":"CHARLA INFORMATIVA SOBRE MONOTRIBUTO SOCIAL EN CHAJAR\u00cd"},"content":{"rendered":"<p>La misma, organizada por el Centro de Referencia del Ministerio de Desarrollo Social de la Naci\u00f3n, est\u00e1 destinada a emprendedores de la econom\u00eda social, asociativos y unipersonales.<br \/>\n\ud83d\udcc5 Fecha: 10 de agosto<br \/>\n\ud83d\udccd Lugar: SUM Barrio Sacachispas (calle Jos\u00e9 Iglesias e Islas Malvinas). Chajar\u00ed<br \/>\n\ud83d\udd64 Horario: de 9.30 a 12 horas.<\/p>\n","protected":false},"excerpt":{"rendered":"<p>La misma, organizada por el Centro de Referencia del Ministerio de Desarrollo Social de la Naci\u00f3n, est\u00e1 destinada a emprendedores de la econom\u00eda social, asociativos y unipersonales. \ud83d\udcc5 Fecha: 10 de agosto \ud83d\udccd Lugar: SUM Barrio Sacachispas (calle Jos\u00e9 Iglesias e Islas Malvinas). Chajar\u00ed \ud83d\udd64 Horario: de 9.30 a 12 horas.<\/p>\n","protected":false},"author":1,"featured_media":2644,"comment_status":"open","ping_status":"open","sticky":false,"template":"","format":"standard","meta":{"footnotes":""},"categories":[1],"tags":[],"class_list":["post-2643","post","type-post","status-publish","format-standard","has-post-thumbnail","hentry","category-noticias"],"_links":{"self":[{"href":"http:\/\/www.santaana.gob.ar\/home\/wp-json\/wp\/v2\/posts\/2643","targetHints":{"allow":["GET"]}}],"collection":[{"href":"http:\/\/www.santaana.gob.ar\/home\/wp-json\/wp\/v2\/posts"}],"about":[{"href":"http:\/\/www.santaana.gob.ar\/home\/wp-json\/wp\/v2\/types\/post"}],"author":[{"embeddable":true,"href":"http:\/\/www.santaana.gob.ar\/home\/wp-json\/wp\/v2\/users\/1"}],"replies":[{"embeddable":true,"href":"http:\/\/www.santaana.gob.ar\/home\/wp-json\/wp\/v2\/comments?post=2643"}],"version-history":[{"count":1,"href":"http:\/\/www.santaana.gob.ar\/home\/wp-json\/wp\/v2\/posts\/2643\/revisions"}],"predecessor-version":[{"id":2645,"href":"http:\/\/www.santaana.gob.ar\/home\/wp-json\/wp\/v2\/posts\/2643\/revisions\/2645"}],"wp:featuredmedia":[{"embeddable":true,"href":"http:\/\/www.santaana.gob.ar\/home\/wp-json\/wp\/v2\/media\/2644"}],"wp:attachment":[{"href":"http:\/\/www.santaana.gob.ar\/home\/wp-json\/wp\/v2\/media?parent=2643"}],"wp:term":[{"taxonomy":"category","embeddable":true,"href":"http:\/\/www.santaana.gob.ar\/home\/wp-json\/wp\/v2\/categories?post=2643"},{"taxonomy":"post_tag","embeddable":true,"href":"http:\/\/www.santaana.gob.ar\/home\/wp-json\/wp\/v2\/tags?post=2643"}],"curies":[{"name":"wp","href":"https:\/\/api.w.org\/{rel}","templated":true}]}}