{"id":261,"date":"2017-09-07T12:49:59","date_gmt":"2017-09-07T12:49:59","guid":{"rendered":"http:\/\/www.santaana.gob.ar\/home\/?p=261"},"modified":"2017-09-07T12:50:50","modified_gmt":"2017-09-07T12:50:50","slug":"recuperacion-curva-de-acceso-al-camping-drewanz","status":"publish","type":"post","link":"http:\/\/www.santaana.gob.ar\/home\/2017\/09\/07\/recuperacion-curva-de-acceso-al-camping-drewanz\/","title":{"rendered":"Recuperaci\u00f3n curva de acceso al Camping Drewanz"},"content":{"rendered":"<p>La Municipalidad de Santa Ana se encuentra trabajando en la recuperaci\u00f3n de la curva de acceso al Camping Drewanz, para ello recibe la colaboraci\u00f3n de la Municipalidad de Chajar\u00ed quien aporta material de relleno.<br \/>\nEsta curva es un sector cr\u00edtico erosionable cada creciente del embalse del lago de Salto Grande que impide el acceso no solo al camping Drewanz sino tambien a una veintena de familias que poseen sus viviendas de fin de semana en la zona, afectando el normal uso p\u00fablico de playas y caminos, creando serios riesgos y contratiempos para los usuarios.<br \/>\nEsta obra, de car\u00e1cter provisorio, que se realiza con recursos de la Municipalidad de Santa Ana y la colaboraci\u00f3n de la Municipalidad de Chajar\u00ed resulta impostergable ante la falta de respuestas de CAFESG, organismo responsable de realizar las obras de defensa<\/p>\n<p><img loading=\"lazy\" decoding=\"async\" class=\"alignnone wp-image-263\" src=\"http:\/\/www.santaana.gob.ar\/home\/wp-content\/uploads\/2017\/09\/IMG-20170907-WA0002-1.jpg\" alt=\"\" width=\"293\" height=\"220\" srcset=\"http:\/\/www.santaana.gob.ar\/home\/wp-content\/uploads\/2017\/09\/IMG-20170907-WA0002-1.jpg 1032w, http:\/\/www.santaana.gob.ar\/home\/wp-content\/uploads\/2017\/09\/IMG-20170907-WA0002-1-300x225.jpg 300w, http:\/\/www.santaana.gob.ar\/home\/wp-content\/uploads\/2017\/09\/IMG-20170907-WA0002-1-768x576.jpg 768w, http:\/\/www.santaana.gob.ar\/home\/wp-content\/uploads\/2017\/09\/IMG-20170907-WA0002-1-1024x768.jpg 1024w\" sizes=\"auto, (max-width: 293px) 100vw, 293px\" \/> <img loading=\"lazy\" decoding=\"async\" class=\"alignnone wp-image-262\" src=\"http:\/\/www.santaana.gob.ar\/home\/wp-content\/uploads\/2017\/09\/IMG-20170907-WA0001.jpg\" alt=\"\" width=\"290\" height=\"217\" srcset=\"http:\/\/www.santaana.gob.ar\/home\/wp-content\/uploads\/2017\/09\/IMG-20170907-WA0001.jpg 1032w, http:\/\/www.santaana.gob.ar\/home\/wp-content\/uploads\/2017\/09\/IMG-20170907-WA0001-300x225.jpg 300w, http:\/\/www.santaana.gob.ar\/home\/wp-content\/uploads\/2017\/09\/IMG-20170907-WA0001-768x576.jpg 768w, http:\/\/www.santaana.gob.ar\/home\/wp-content\/uploads\/2017\/09\/IMG-20170907-WA0001-1024x768.jpg 1024w\" sizes=\"auto, (max-width: 290px) 100vw, 290px\" \/><\/p>\n","protected":false},"excerpt":{"rendered":"<p>La Municipalidad de Santa Ana se encuentra trabajando en la recuperaci\u00f3n de la curva de acceso al Camping Drewanz, para ello recibe la colaboraci\u00f3n de la Municipalidad de Chajar\u00ed quien aporta material de relleno. Esta curva es un sector cr\u00edtico erosionable cada creciente del embalse del lago de Salto Grande que impide el acceso no<a class=\"moretag\" href=\"http:\/\/www.santaana.gob.ar\/home\/2017\/09\/07\/recuperacion-curva-de-acceso-al-camping-drewanz\/\"><span class=\"screen-reader-text\">Leer m\u00e1s sobre Recuperaci\u00f3n curva de acceso al Camping Drewanz<\/span>[&#8230;]<\/a><\/p>\n","protected":false},"author":1,"featured_media":262,"comment_status":"open","ping_status":"open","sticky":false,"template":"","format":"standard","meta":{"footnotes":""},"categories":[1],"tags":[],"class_list":["post-261","post","type-post","status-publish","format-standard","has-post-thumbnail","hentry","category-noticias"],"_links":{"self":[{"href":"http:\/\/www.santaana.gob.ar\/home\/wp-json\/wp\/v2\/posts\/261","targetHints":{"allow":["GET"]}}],"collection":[{"href":"http:\/\/www.santaana.gob.ar\/home\/wp-json\/wp\/v2\/posts"}],"about":[{"href":"http:\/\/www.santaana.gob.ar\/home\/wp-json\/wp\/v2\/types\/post"}],"author":[{"embeddable":true,"href":"http:\/\/www.santaana.gob.ar\/home\/wp-json\/wp\/v2\/users\/1"}],"replies":[{"embeddable":true,"href":"http:\/\/www.santaana.gob.ar\/home\/wp-json\/wp\/v2\/comments?post=261"}],"version-history":[{"count":2,"href":"http:\/\/www.santaana.gob.ar\/home\/wp-json\/wp\/v2\/posts\/261\/revisions"}],"predecessor-version":[{"id":265,"href":"http:\/\/www.santaana.gob.ar\/home\/wp-json\/wp\/v2\/posts\/261\/revisions\/265"}],"wp:featuredmedia":[{"embeddable":true,"href":"http:\/\/www.santaana.gob.ar\/home\/wp-json\/wp\/v2\/media\/262"}],"wp:attachment":[{"href":"http:\/\/www.santaana.gob.ar\/home\/wp-json\/wp\/v2\/media?parent=261"}],"wp:term":[{"taxonomy":"category","embeddable":true,"href":"http:\/\/www.santaana.gob.ar\/home\/wp-json\/wp\/v2\/categories?post=261"},{"taxonomy":"post_tag","embeddable":true,"href":"http:\/\/www.santaana.gob.ar\/home\/wp-json\/wp\/v2\/tags?post=261"}],"curies":[{"name":"wp","href":"https:\/\/api.w.org\/{rel}","templated":true}]}}