{"id":250,"date":"2017-08-18T17:57:53","date_gmt":"2017-08-18T17:57:53","guid":{"rendered":"http:\/\/www.santaana.gob.ar\/home\/?p=250"},"modified":"2017-08-18T17:57:53","modified_gmt":"2017-08-18T17:57:53","slug":"entrega-de-subsidios-a-escuelas-primarias-y-secundaria-del-ejido-de-santa-ana","status":"publish","type":"post","link":"http:\/\/www.santaana.gob.ar\/home\/2017\/08\/18\/entrega-de-subsidios-a-escuelas-primarias-y-secundaria-del-ejido-de-santa-ana\/","title":{"rendered":"Entrega de subsidios a escuelas primarias y secundaria del ejido de Santa Ana"},"content":{"rendered":"<p>En el d\u00eda de hoy, viernes 18 de agosto del corriente a\u00f1o, en el edificio de la Municipalidad de Santa Ana, el Intendente Municipal Mario Toler, acompa\u00f1ado por el Director de Acci\u00f3n Social Horacio Moreira y el senador Provincial Miguel Piana, se reunieron con los directivos y presidentes de cooperadoras de las escuelas primarias y secundarias comprendida en el ejido municipal. Las mismas son: Escuela Primaria N\u00b0 10 \u201cEsteban Echeverr\u00eda\u201d, Escuela Primaria N\u00b0 16 \u201cJos\u00e9 m\u00e1rmol\u201d, Escuela Primaria N\u00b0 13 \u201cLibertad\u201d, Escuela Primaria N\u00b0 45 \u201cGregoria Matorra\u201d, Escuela Primaria N\u00b0 53 \u201cEjercito Argentino\u201d, Escuela Primaria N\u00b0 4 \u201cMiguel Galan\u201d, Escuela Secunadaria N\u00b0 1 \u201cSanta Ana\u201d y Escuela Secundaria N! 10 \u201cCheroga Mokoi\u201d.<\/p>\n<p><img loading=\"lazy\" decoding=\"async\" class=\"wp-image-251 alignleft\" src=\"http:\/\/www.santaana.gob.ar\/home\/wp-content\/uploads\/2017\/08\/4.jpg\" alt=\"\" width=\"235\" height=\"176\" srcset=\"http:\/\/www.santaana.gob.ar\/home\/wp-content\/uploads\/2017\/08\/4.jpg 1032w, http:\/\/www.santaana.gob.ar\/home\/wp-content\/uploads\/2017\/08\/4-300x225.jpg 300w, http:\/\/www.santaana.gob.ar\/home\/wp-content\/uploads\/2017\/08\/4-768x576.jpg 768w, http:\/\/www.santaana.gob.ar\/home\/wp-content\/uploads\/2017\/08\/4-1024x768.jpg 1024w\" sizes=\"auto, (max-width: 235px) 100vw, 235px\" \/>Por gestiones del Intendente Municipal, ante el Ministerio de Educaci\u00f3n de la Naci\u00f3n, los establecimientos educativos mencionados recibieron un aporte no reintegrable de $ 100.000,00. Dichos fondos ser\u00e1n destinados para refacciones menores y\/o compra de mobiliarios.<\/p>\n<p>El encuentro de este d\u00eda tuvo como finalidad, dar a conocer los requisitos para realizar el gasto y rendiciones de los aportes recibidos. Adem\u00e1s los directivos intercambiaron diferentes opiniones en relaci\u00f3n a las problem\u00e1ticas edilicias que se encuentran sus establecimientos.<\/p>\n<p>El Intendente junto con Senador pusieron a disposici\u00f3n el equipo de funcionario que los acompa\u00f1a a los efectos de realizar las gestiones necesarias de cada establecimiento educativo.<\/p>\n<p>&nbsp;<\/p>\n<p><img loading=\"lazy\" decoding=\"async\" class=\"alignnone  wp-image-252\" src=\"http:\/\/www.santaana.gob.ar\/home\/wp-content\/uploads\/2017\/08\/5.jpg\" alt=\"\" width=\"328\" height=\"246\" srcset=\"http:\/\/www.santaana.gob.ar\/home\/wp-content\/uploads\/2017\/08\/5.jpg 1032w, http:\/\/www.santaana.gob.ar\/home\/wp-content\/uploads\/2017\/08\/5-300x225.jpg 300w, http:\/\/www.santaana.gob.ar\/home\/wp-content\/uploads\/2017\/08\/5-768x576.jpg 768w, http:\/\/www.santaana.gob.ar\/home\/wp-content\/uploads\/2017\/08\/5-1024x768.jpg 1024w\" sizes=\"auto, (max-width: 328px) 100vw, 328px\" \/>\u00a0<img loading=\"lazy\" decoding=\"async\" class=\"alignnone  wp-image-253\" src=\"http:\/\/www.santaana.gob.ar\/home\/wp-content\/uploads\/2017\/08\/6.jpg\" alt=\"\" width=\"327\" height=\"245\" srcset=\"http:\/\/www.santaana.gob.ar\/home\/wp-content\/uploads\/2017\/08\/6.jpg 1032w, http:\/\/www.santaana.gob.ar\/home\/wp-content\/uploads\/2017\/08\/6-300x225.jpg 300w, http:\/\/www.santaana.gob.ar\/home\/wp-content\/uploads\/2017\/08\/6-768x576.jpg 768w, http:\/\/www.santaana.gob.ar\/home\/wp-content\/uploads\/2017\/08\/6-1024x768.jpg 1024w\" sizes=\"auto, (max-width: 327px) 100vw, 327px\" \/><\/p>\n","protected":false},"excerpt":{"rendered":"<p>En el d\u00eda de hoy, viernes 18 de agosto del corriente a\u00f1o, en el edificio de la Municipalidad de Santa Ana, el Intendente Municipal Mario Toler, acompa\u00f1ado por el Director de Acci\u00f3n Social Horacio Moreira y el senador Provincial Miguel Piana, se reunieron con los directivos y presidentes de cooperadoras de las escuelas primarias y<a class=\"moretag\" href=\"http:\/\/www.santaana.gob.ar\/home\/2017\/08\/18\/entrega-de-subsidios-a-escuelas-primarias-y-secundaria-del-ejido-de-santa-ana\/\"><span class=\"screen-reader-text\">Leer m\u00e1s sobre Entrega de subsidios a escuelas primarias y secundaria del ejido de Santa Ana<\/span>[&#8230;]<\/a><\/p>\n","protected":false},"author":1,"featured_media":251,"comment_status":"open","ping_status":"open","sticky":false,"template":"","format":"standard","meta":{"footnotes":""},"categories":[1],"tags":[],"class_list":["post-250","post","type-post","status-publish","format-standard","has-post-thumbnail","hentry","category-noticias"],"_links":{"self":[{"href":"http:\/\/www.santaana.gob.ar\/home\/wp-json\/wp\/v2\/posts\/250","targetHints":{"allow":["GET"]}}],"collection":[{"href":"http:\/\/www.santaana.gob.ar\/home\/wp-json\/wp\/v2\/posts"}],"about":[{"href":"http:\/\/www.santaana.gob.ar\/home\/wp-json\/wp\/v2\/types\/post"}],"author":[{"embeddable":true,"href":"http:\/\/www.santaana.gob.ar\/home\/wp-json\/wp\/v2\/users\/1"}],"replies":[{"embeddable":true,"href":"http:\/\/www.santaana.gob.ar\/home\/wp-json\/wp\/v2\/comments?post=250"}],"version-history":[{"count":1,"href":"http:\/\/www.santaana.gob.ar\/home\/wp-json\/wp\/v2\/posts\/250\/revisions"}],"predecessor-version":[{"id":254,"href":"http:\/\/www.santaana.gob.ar\/home\/wp-json\/wp\/v2\/posts\/250\/revisions\/254"}],"wp:featuredmedia":[{"embeddable":true,"href":"http:\/\/www.santaana.gob.ar\/home\/wp-json\/wp\/v2\/media\/251"}],"wp:attachment":[{"href":"http:\/\/www.santaana.gob.ar\/home\/wp-json\/wp\/v2\/media?parent=250"}],"wp:term":[{"taxonomy":"category","embeddable":true,"href":"http:\/\/www.santaana.gob.ar\/home\/wp-json\/wp\/v2\/categories?post=250"},{"taxonomy":"post_tag","embeddable":true,"href":"http:\/\/www.santaana.gob.ar\/home\/wp-json\/wp\/v2\/tags?post=250"}],"curies":[{"name":"wp","href":"https:\/\/api.w.org\/{rel}","templated":true}]}}