{"id":246,"date":"2017-08-07T14:17:37","date_gmt":"2017-08-07T14:17:37","guid":{"rendered":"http:\/\/www.santaana.gob.ar\/home\/?p=246"},"modified":"2017-08-07T14:17:37","modified_gmt":"2017-08-07T14:17:37","slug":"capacitacion-autoridades-de-mesa","status":"publish","type":"post","link":"http:\/\/www.santaana.gob.ar\/home\/2017\/08\/07\/capacitacion-autoridades-de-mesa\/","title":{"rendered":"CAPACITACION AUTORIDADES DE MESA &#8211;"},"content":{"rendered":"<p style=\"text-align: center;\"><em><strong>ELECCIONES P.A.S.O.<\/strong><\/em><\/p>\n<p>\u00abLa Municipalidad de Santa Ana informa a las autoridades de mesa designadas para las elecciones Primarias, Abiertas, Simult\u00e1neas y Obligatorias (PASO) del pr\u00f3ximo Domingo 13 de Agosto, que el curso de capacitaci\u00f3n se desarrollar\u00e1 el proximo Viernes 11 de Agosto a las 20 Hs. el el sal\u00f3n del Concejo Deliberante, planta alta de la Municipalidad de Santa Ana, donde deben concurrir con la designaci\u00f3n otorgada por la Junta Electoral Nacional, al finalizar la capacitaci\u00f3n se har\u00e1n entrega de las constancias correspondientes.<br \/>\nPara mayor informaci\u00f3n llamar a los telefonos 03456-492059\/492000\/492111\/492112.-\u00ab<\/p>\n","protected":false},"excerpt":{"rendered":"<p>ELECCIONES P.A.S.O. \u00abLa Municipalidad de Santa Ana informa a las autoridades de mesa designadas para las elecciones Primarias, Abiertas, Simult\u00e1neas y Obligatorias (PASO) del pr\u00f3ximo Domingo 13 de Agosto, que el curso de capacitaci\u00f3n se desarrollar\u00e1 el proximo Viernes 11 de Agosto a las 20 Hs. el el sal\u00f3n del Concejo Deliberante, planta alta de<a class=\"moretag\" href=\"http:\/\/www.santaana.gob.ar\/home\/2017\/08\/07\/capacitacion-autoridades-de-mesa\/\"><span class=\"screen-reader-text\">Leer m\u00e1s sobre CAPACITACION AUTORIDADES DE MESA &#8211;<\/span>[&#8230;]<\/a><\/p>\n","protected":false},"author":1,"featured_media":247,"comment_status":"open","ping_status":"open","sticky":false,"template":"","format":"standard","meta":{"footnotes":""},"categories":[1],"tags":[],"class_list":["post-246","post","type-post","status-publish","format-standard","has-post-thumbnail","hentry","category-noticias"],"_links":{"self":[{"href":"http:\/\/www.santaana.gob.ar\/home\/wp-json\/wp\/v2\/posts\/246","targetHints":{"allow":["GET"]}}],"collection":[{"href":"http:\/\/www.santaana.gob.ar\/home\/wp-json\/wp\/v2\/posts"}],"about":[{"href":"http:\/\/www.santaana.gob.ar\/home\/wp-json\/wp\/v2\/types\/post"}],"author":[{"embeddable":true,"href":"http:\/\/www.santaana.gob.ar\/home\/wp-json\/wp\/v2\/users\/1"}],"replies":[{"embeddable":true,"href":"http:\/\/www.santaana.gob.ar\/home\/wp-json\/wp\/v2\/comments?post=246"}],"version-history":[{"count":1,"href":"http:\/\/www.santaana.gob.ar\/home\/wp-json\/wp\/v2\/posts\/246\/revisions"}],"predecessor-version":[{"id":248,"href":"http:\/\/www.santaana.gob.ar\/home\/wp-json\/wp\/v2\/posts\/246\/revisions\/248"}],"wp:featuredmedia":[{"embeddable":true,"href":"http:\/\/www.santaana.gob.ar\/home\/wp-json\/wp\/v2\/media\/247"}],"wp:attachment":[{"href":"http:\/\/www.santaana.gob.ar\/home\/wp-json\/wp\/v2\/media?parent=246"}],"wp:term":[{"taxonomy":"category","embeddable":true,"href":"http:\/\/www.santaana.gob.ar\/home\/wp-json\/wp\/v2\/categories?post=246"},{"taxonomy":"post_tag","embeddable":true,"href":"http:\/\/www.santaana.gob.ar\/home\/wp-json\/wp\/v2\/tags?post=246"}],"curies":[{"name":"wp","href":"https:\/\/api.w.org\/{rel}","templated":true}]}}