{"id":242,"date":"2017-07-24T15:34:50","date_gmt":"2017-07-24T15:34:50","guid":{"rendered":"http:\/\/www.santaana.gob.ar\/home\/?p=242"},"modified":"2017-07-24T15:34:50","modified_gmt":"2017-07-24T15:34:50","slug":"feriado-por-el-dia-de-nuestra-santa-patrona","status":"publish","type":"post","link":"http:\/\/www.santaana.gob.ar\/home\/2017\/07\/24\/feriado-por-el-dia-de-nuestra-santa-patrona\/","title":{"rendered":"Feriado por el D\u00eda de nuestra Santa Patrona"},"content":{"rendered":"<p>El presidente municipal en uso de sus facultades, declara feriado el pr\u00f3ximo mi\u00e9rcoles 26 de julio para toda la jurisdicci\u00f3n de Santa Ana con motivo de la conmemoraci\u00f3n del d\u00eda de la localidad y el 33\u00aa aniversario de la creaci\u00f3n del municipio.<\/p>\n<p><img loading=\"lazy\" decoding=\"async\" class=\"alignnone  wp-image-243\" src=\"http:\/\/www.santaana.gob.ar\/home\/wp-content\/uploads\/2017\/07\/Decreto59-2017.jpg\" alt=\"\" width=\"697\" height=\"972\" srcset=\"http:\/\/www.santaana.gob.ar\/home\/wp-content\/uploads\/2017\/07\/Decreto59-2017.jpg 1278w, http:\/\/www.santaana.gob.ar\/home\/wp-content\/uploads\/2017\/07\/Decreto59-2017-215x300.jpg 215w, http:\/\/www.santaana.gob.ar\/home\/wp-content\/uploads\/2017\/07\/Decreto59-2017-768x1070.jpg 768w, http:\/\/www.santaana.gob.ar\/home\/wp-content\/uploads\/2017\/07\/Decreto59-2017-735x1024.jpg 735w\" sizes=\"auto, (max-width: 697px) 100vw, 697px\" \/><\/p>\n","protected":false},"excerpt":{"rendered":"<p>El presidente municipal en uso de sus facultades, declara feriado el pr\u00f3ximo mi\u00e9rcoles 26 de julio para toda la jurisdicci\u00f3n de Santa Ana con motivo de la conmemoraci\u00f3n del d\u00eda de la localidad y el 33\u00aa aniversario de la creaci\u00f3n del municipio.<\/p>\n","protected":false},"author":1,"featured_media":243,"comment_status":"open","ping_status":"open","sticky":false,"template":"","format":"standard","meta":{"footnotes":""},"categories":[1],"tags":[],"class_list":["post-242","post","type-post","status-publish","format-standard","has-post-thumbnail","hentry","category-noticias"],"_links":{"self":[{"href":"http:\/\/www.santaana.gob.ar\/home\/wp-json\/wp\/v2\/posts\/242","targetHints":{"allow":["GET"]}}],"collection":[{"href":"http:\/\/www.santaana.gob.ar\/home\/wp-json\/wp\/v2\/posts"}],"about":[{"href":"http:\/\/www.santaana.gob.ar\/home\/wp-json\/wp\/v2\/types\/post"}],"author":[{"embeddable":true,"href":"http:\/\/www.santaana.gob.ar\/home\/wp-json\/wp\/v2\/users\/1"}],"replies":[{"embeddable":true,"href":"http:\/\/www.santaana.gob.ar\/home\/wp-json\/wp\/v2\/comments?post=242"}],"version-history":[{"count":1,"href":"http:\/\/www.santaana.gob.ar\/home\/wp-json\/wp\/v2\/posts\/242\/revisions"}],"predecessor-version":[{"id":244,"href":"http:\/\/www.santaana.gob.ar\/home\/wp-json\/wp\/v2\/posts\/242\/revisions\/244"}],"wp:featuredmedia":[{"embeddable":true,"href":"http:\/\/www.santaana.gob.ar\/home\/wp-json\/wp\/v2\/media\/243"}],"wp:attachment":[{"href":"http:\/\/www.santaana.gob.ar\/home\/wp-json\/wp\/v2\/media?parent=242"}],"wp:term":[{"taxonomy":"category","embeddable":true,"href":"http:\/\/www.santaana.gob.ar\/home\/wp-json\/wp\/v2\/categories?post=242"},{"taxonomy":"post_tag","embeddable":true,"href":"http:\/\/www.santaana.gob.ar\/home\/wp-json\/wp\/v2\/tags?post=242"}],"curies":[{"name":"wp","href":"https:\/\/api.w.org\/{rel}","templated":true}]}}