{"id":238,"date":"2017-07-23T20:38:49","date_gmt":"2017-07-23T20:38:49","guid":{"rendered":"http:\/\/www.santaana.gob.ar\/home\/?p=238"},"modified":"2017-07-23T20:38:49","modified_gmt":"2017-07-23T20:38:49","slug":"entregas-de-aportes-a-familias-rurales-de-santa-ana-para-la-perforacion-de-agua-potable","status":"publish","type":"post","link":"http:\/\/www.santaana.gob.ar\/home\/2017\/07\/23\/entregas-de-aportes-a-familias-rurales-de-santa-ana-para-la-perforacion-de-agua-potable\/","title":{"rendered":"Entregas de aportes a familias rurales de santa Ana para la perforaci\u00f3n de agua potable"},"content":{"rendered":"<p><img loading=\"lazy\" decoding=\"async\" class=\"alignnone  wp-image-239\" src=\"http:\/\/www.santaana.gob.ar\/home\/wp-content\/uploads\/2017\/07\/663.jpg\" alt=\"\" width=\"601\" height=\"451\" srcset=\"http:\/\/www.santaana.gob.ar\/home\/wp-content\/uploads\/2017\/07\/663.jpg 1200w, http:\/\/www.santaana.gob.ar\/home\/wp-content\/uploads\/2017\/07\/663-300x225.jpg 300w, http:\/\/www.santaana.gob.ar\/home\/wp-content\/uploads\/2017\/07\/663-768x576.jpg 768w, http:\/\/www.santaana.gob.ar\/home\/wp-content\/uploads\/2017\/07\/663-1024x768.jpg 1024w\" sizes=\"auto, (max-width: 601px) 100vw, 601px\" \/><\/p>\n<p>El pasado jueves 20 de julio de 2017, en la localidad de Santa Ana, el intendente Mario Toler junto con el Director de Acci\u00f3n Social Horacio Moreira y acompa\u00f1ado por el Senador Provincial Miguel Piana, realizaron entrega de aporte a familias de la zona rural para la perforaci\u00f3n de pozos de agua potable.<\/p>\n<p>Estos aportes fueron gestionados desde la Municipalidad en conjunto con el Senador departamental en el Ministerio de Desarrollo Social de la Provincia. Cabe aclarar que desde el municipio se tom\u00f3 la decisi\u00f3n pol\u00edtica de contribuir con la diferencia restante para concretar la finalizaci\u00f3n de la obra.<\/p>\n<p>Las familias beneficiarias fueron las siguientes: Masetto Rudecindo, Boggia Oscar Ram\u00f3n, Quintero Carlos Daniel, Gonz\u00e1lez Omar y Gonz\u00e1lez.<\/p>\n<p><img loading=\"lazy\" decoding=\"async\" class=\"alignnone  wp-image-240\" src=\"http:\/\/www.santaana.gob.ar\/home\/wp-content\/uploads\/2017\/07\/664.jpg\" alt=\"\" width=\"382\" height=\"286\" srcset=\"http:\/\/www.santaana.gob.ar\/home\/wp-content\/uploads\/2017\/07\/664.jpg 1200w, http:\/\/www.santaana.gob.ar\/home\/wp-content\/uploads\/2017\/07\/664-300x225.jpg 300w, http:\/\/www.santaana.gob.ar\/home\/wp-content\/uploads\/2017\/07\/664-768x576.jpg 768w, http:\/\/www.santaana.gob.ar\/home\/wp-content\/uploads\/2017\/07\/664-1024x768.jpg 1024w\" sizes=\"auto, (max-width: 382px) 100vw, 382px\" \/><\/p>\n<p>Con esta obra estamos dando respuesta a una necesidad elemental para mejorar la calidad de vida de nuestros vecinos, realizando permanente acompa\u00f1amiento desde el municipio local.<\/p>\n","protected":false},"excerpt":{"rendered":"<p>El pasado jueves 20 de julio de 2017, en la localidad de Santa Ana, el intendente Mario Toler junto con el Director de Acci\u00f3n Social Horacio Moreira y acompa\u00f1ado por el Senador Provincial Miguel Piana, realizaron entrega de aporte a familias de la zona rural para la perforaci\u00f3n de pozos de agua potable. Estos aportes<a class=\"moretag\" href=\"http:\/\/www.santaana.gob.ar\/home\/2017\/07\/23\/entregas-de-aportes-a-familias-rurales-de-santa-ana-para-la-perforacion-de-agua-potable\/\"><span class=\"screen-reader-text\">Leer m\u00e1s sobre Entregas de aportes a familias rurales de santa Ana para la perforaci\u00f3n de agua potable<\/span>[&#8230;]<\/a><\/p>\n","protected":false},"author":1,"featured_media":239,"comment_status":"open","ping_status":"open","sticky":false,"template":"","format":"standard","meta":{"footnotes":""},"categories":[1],"tags":[],"class_list":["post-238","post","type-post","status-publish","format-standard","has-post-thumbnail","hentry","category-noticias"],"_links":{"self":[{"href":"http:\/\/www.santaana.gob.ar\/home\/wp-json\/wp\/v2\/posts\/238","targetHints":{"allow":["GET"]}}],"collection":[{"href":"http:\/\/www.santaana.gob.ar\/home\/wp-json\/wp\/v2\/posts"}],"about":[{"href":"http:\/\/www.santaana.gob.ar\/home\/wp-json\/wp\/v2\/types\/post"}],"author":[{"embeddable":true,"href":"http:\/\/www.santaana.gob.ar\/home\/wp-json\/wp\/v2\/users\/1"}],"replies":[{"embeddable":true,"href":"http:\/\/www.santaana.gob.ar\/home\/wp-json\/wp\/v2\/comments?post=238"}],"version-history":[{"count":1,"href":"http:\/\/www.santaana.gob.ar\/home\/wp-json\/wp\/v2\/posts\/238\/revisions"}],"predecessor-version":[{"id":241,"href":"http:\/\/www.santaana.gob.ar\/home\/wp-json\/wp\/v2\/posts\/238\/revisions\/241"}],"wp:featuredmedia":[{"embeddable":true,"href":"http:\/\/www.santaana.gob.ar\/home\/wp-json\/wp\/v2\/media\/239"}],"wp:attachment":[{"href":"http:\/\/www.santaana.gob.ar\/home\/wp-json\/wp\/v2\/media?parent=238"}],"wp:term":[{"taxonomy":"category","embeddable":true,"href":"http:\/\/www.santaana.gob.ar\/home\/wp-json\/wp\/v2\/categories?post=238"},{"taxonomy":"post_tag","embeddable":true,"href":"http:\/\/www.santaana.gob.ar\/home\/wp-json\/wp\/v2\/tags?post=238"}],"curies":[{"name":"wp","href":"https:\/\/api.w.org\/{rel}","templated":true}]}}