{"id":235,"date":"2017-07-20T11:03:37","date_gmt":"2017-07-20T11:03:37","guid":{"rendered":"http:\/\/www.santaana.gob.ar\/home\/?p=235"},"modified":"2017-07-20T11:03:37","modified_gmt":"2017-07-20T11:03:37","slug":"pavimento-rigido-urbano","status":"publish","type":"post","link":"http:\/\/www.santaana.gob.ar\/home\/2017\/07\/20\/pavimento-rigido-urbano\/","title":{"rendered":"Pavimento r\u00edgido urbano"},"content":{"rendered":"<p>Este jueves 20 de julio se habilit\u00f3 al uso p\u00fablico la s\u00e9ptima cuadra, de diez proyectadas en esta etapa, de pavimento r\u00edgido urbano, que la Municipalidad de Santa Ana construye en el marco del \u00abPrograma Integral del H\u00e1bitat\u00bb, esta arteria ubicada sobre calle 25  de Mayo entre Teodora G\u00f3mez y Dr. Cecilio L\u00f3pez, es una de las trece obras de infraestructura que nuestra Municipalidad ejecuta a muy buen ritmo con el objeto de fortalecer el equipamiento comunitario y contribuir al bienestar de sus habitantes<\/p>\n","protected":false},"excerpt":{"rendered":"<p>Este jueves 20 de julio se habilit\u00f3 al uso p\u00fablico la s\u00e9ptima cuadra, de diez proyectadas en esta etapa, de pavimento r\u00edgido urbano, que la Municipalidad de Santa Ana construye en el marco del \u00abPrograma Integral del H\u00e1bitat\u00bb, esta arteria ubicada sobre calle 25 de Mayo entre Teodora G\u00f3mez y Dr. Cecilio L\u00f3pez, es una<a class=\"moretag\" href=\"http:\/\/www.santaana.gob.ar\/home\/2017\/07\/20\/pavimento-rigido-urbano\/\"><span class=\"screen-reader-text\">Leer m\u00e1s sobre Pavimento r\u00edgido urbano<\/span>[&#8230;]<\/a><\/p>\n","protected":false},"author":1,"featured_media":236,"comment_status":"open","ping_status":"open","sticky":false,"template":"","format":"standard","meta":{"footnotes":""},"categories":[1],"tags":[],"class_list":["post-235","post","type-post","status-publish","format-standard","has-post-thumbnail","hentry","category-noticias"],"_links":{"self":[{"href":"http:\/\/www.santaana.gob.ar\/home\/wp-json\/wp\/v2\/posts\/235","targetHints":{"allow":["GET"]}}],"collection":[{"href":"http:\/\/www.santaana.gob.ar\/home\/wp-json\/wp\/v2\/posts"}],"about":[{"href":"http:\/\/www.santaana.gob.ar\/home\/wp-json\/wp\/v2\/types\/post"}],"author":[{"embeddable":true,"href":"http:\/\/www.santaana.gob.ar\/home\/wp-json\/wp\/v2\/users\/1"}],"replies":[{"embeddable":true,"href":"http:\/\/www.santaana.gob.ar\/home\/wp-json\/wp\/v2\/comments?post=235"}],"version-history":[{"count":1,"href":"http:\/\/www.santaana.gob.ar\/home\/wp-json\/wp\/v2\/posts\/235\/revisions"}],"predecessor-version":[{"id":237,"href":"http:\/\/www.santaana.gob.ar\/home\/wp-json\/wp\/v2\/posts\/235\/revisions\/237"}],"wp:featuredmedia":[{"embeddable":true,"href":"http:\/\/www.santaana.gob.ar\/home\/wp-json\/wp\/v2\/media\/236"}],"wp:attachment":[{"href":"http:\/\/www.santaana.gob.ar\/home\/wp-json\/wp\/v2\/media?parent=235"}],"wp:term":[{"taxonomy":"category","embeddable":true,"href":"http:\/\/www.santaana.gob.ar\/home\/wp-json\/wp\/v2\/categories?post=235"},{"taxonomy":"post_tag","embeddable":true,"href":"http:\/\/www.santaana.gob.ar\/home\/wp-json\/wp\/v2\/tags?post=235"}],"curies":[{"name":"wp","href":"https:\/\/api.w.org\/{rel}","templated":true}]}}