{"id":205,"date":"2017-05-24T18:58:40","date_gmt":"2017-05-24T18:58:40","guid":{"rendered":"http:\/\/www.santaana.gob.ar\/home\/?p=205"},"modified":"2017-05-24T18:58:40","modified_gmt":"2017-05-24T18:58:40","slug":"inauguracion-de-los-juegos-infantiles-en-la-plaza-san-martin-de-santa-ana","status":"publish","type":"post","link":"http:\/\/www.santaana.gob.ar\/home\/2017\/05\/24\/inauguracion-de-los-juegos-infantiles-en-la-plaza-san-martin-de-santa-ana\/","title":{"rendered":"Inauguraci\u00f3n de los juegos infantiles en la plaza \u201cSan Mart\u00edn\u201d de Santa Ana"},"content":{"rendered":"<p>&nbsp;<\/p>\n<p>En el d\u00eda de hoy mi\u00e9rcoles, 24 de mayo, se llev\u00f3 a cabo en la localidad de Santa Ana, la inauguraci\u00f3n de los juegos infantiles de la plaza \u201cSan Mart\u00edn\u201d. El acto estuvo precedido por el intendente de la localidad, Mario Toler, acompa\u00f1ado por los concejales, funcionarios como as\u00ed tambi\u00e9n los ni\u00f1os\/as que asisten al Jard\u00edn Maternal \u201cMiguitas de ternuras\u201d y los directivos, docentes y alumnos de la escuela primaria N\u00b0 10 \u201cEsteban Echeverr\u00eda\u201d.<!--more--><\/p>\n<p>Cabe aclarar que los juegos infantiles fueron adquiridos a partir del financiamiento obtenido por el Programa Desarrollo Local de Asuntos Municipales, dependiente del Ministerio de Interior de la Naci\u00f3n.<br \/>\nLos juegos instalados son: un mangrullo gigante, un mangrullo Chico, un slice treep con p\u00f3rtico doble, un slice tubo, un trepador de \u00e1rbol mediano, un trepador recto, un trepador curvo mediano, y un trepador curvo chico.<\/p>\n<p><img loading=\"lazy\" decoding=\"async\" class=\"alignnone  wp-image-207\" src=\"http:\/\/www.santaana.gob.ar\/home\/wp-content\/uploads\/2017\/05\/1.jpg\" alt=\"\" width=\"601\" height=\"451\" srcset=\"http:\/\/www.santaana.gob.ar\/home\/wp-content\/uploads\/2017\/05\/1.jpg 800w, http:\/\/www.santaana.gob.ar\/home\/wp-content\/uploads\/2017\/05\/1-300x225.jpg 300w, http:\/\/www.santaana.gob.ar\/home\/wp-content\/uploads\/2017\/05\/1-768x576.jpg 768w\" sizes=\"auto, (max-width: 601px) 100vw, 601px\" \/><\/p>\n<p><img loading=\"lazy\" decoding=\"async\" class=\"alignnone  wp-image-208\" src=\"http:\/\/www.santaana.gob.ar\/home\/wp-content\/uploads\/2017\/05\/4.jpg\" alt=\"\" width=\"603\" height=\"452\" srcset=\"http:\/\/www.santaana.gob.ar\/home\/wp-content\/uploads\/2017\/05\/4.jpg 800w, http:\/\/www.santaana.gob.ar\/home\/wp-content\/uploads\/2017\/05\/4-300x225.jpg 300w, http:\/\/www.santaana.gob.ar\/home\/wp-content\/uploads\/2017\/05\/4-768x576.jpg 768w\" sizes=\"auto, (max-width: 603px) 100vw, 603px\" \/><\/p>\n<p><img loading=\"lazy\" decoding=\"async\" class=\"alignnone  wp-image-209\" src=\"http:\/\/www.santaana.gob.ar\/home\/wp-content\/uploads\/2017\/05\/5.jpg\" alt=\"\" width=\"604\" height=\"453\" srcset=\"http:\/\/www.santaana.gob.ar\/home\/wp-content\/uploads\/2017\/05\/5.jpg 800w, http:\/\/www.santaana.gob.ar\/home\/wp-content\/uploads\/2017\/05\/5-300x225.jpg 300w, http:\/\/www.santaana.gob.ar\/home\/wp-content\/uploads\/2017\/05\/5-768x576.jpg 768w\" sizes=\"auto, (max-width: 604px) 100vw, 604px\" \/><\/p>\n<p><img loading=\"lazy\" decoding=\"async\" class=\"alignnone  wp-image-210\" src=\"http:\/\/www.santaana.gob.ar\/home\/wp-content\/uploads\/2017\/05\/6.jpg\" alt=\"\" width=\"604\" height=\"453\" srcset=\"http:\/\/www.santaana.gob.ar\/home\/wp-content\/uploads\/2017\/05\/6.jpg 800w, http:\/\/www.santaana.gob.ar\/home\/wp-content\/uploads\/2017\/05\/6-300x225.jpg 300w, http:\/\/www.santaana.gob.ar\/home\/wp-content\/uploads\/2017\/05\/6-768x576.jpg 768w\" sizes=\"auto, (max-width: 604px) 100vw, 604px\" \/><\/p>\n","protected":false},"excerpt":{"rendered":"<p>&nbsp; En el d\u00eda de hoy mi\u00e9rcoles, 24 de mayo, se llev\u00f3 a cabo en la localidad de Santa Ana, la inauguraci\u00f3n de los juegos infantiles de la plaza \u201cSan Mart\u00edn\u201d. El acto estuvo precedido por el intendente de la localidad, Mario Toler, acompa\u00f1ado por los concejales, funcionarios como as\u00ed tambi\u00e9n los ni\u00f1os\/as que asisten<a class=\"moretag\" href=\"http:\/\/www.santaana.gob.ar\/home\/2017\/05\/24\/inauguracion-de-los-juegos-infantiles-en-la-plaza-san-martin-de-santa-ana\/\"><span class=\"screen-reader-text\">Leer m\u00e1s sobre Inauguraci\u00f3n de los juegos infantiles en la plaza \u201cSan Mart\u00edn\u201d de Santa Ana<\/span>[&#8230;]<\/a><\/p>\n","protected":false},"author":1,"featured_media":206,"comment_status":"open","ping_status":"open","sticky":false,"template":"","format":"standard","meta":{"footnotes":""},"categories":[1],"tags":[],"class_list":["post-205","post","type-post","status-publish","format-standard","has-post-thumbnail","hentry","category-noticias"],"_links":{"self":[{"href":"http:\/\/www.santaana.gob.ar\/home\/wp-json\/wp\/v2\/posts\/205","targetHints":{"allow":["GET"]}}],"collection":[{"href":"http:\/\/www.santaana.gob.ar\/home\/wp-json\/wp\/v2\/posts"}],"about":[{"href":"http:\/\/www.santaana.gob.ar\/home\/wp-json\/wp\/v2\/types\/post"}],"author":[{"embeddable":true,"href":"http:\/\/www.santaana.gob.ar\/home\/wp-json\/wp\/v2\/users\/1"}],"replies":[{"embeddable":true,"href":"http:\/\/www.santaana.gob.ar\/home\/wp-json\/wp\/v2\/comments?post=205"}],"version-history":[{"count":1,"href":"http:\/\/www.santaana.gob.ar\/home\/wp-json\/wp\/v2\/posts\/205\/revisions"}],"predecessor-version":[{"id":211,"href":"http:\/\/www.santaana.gob.ar\/home\/wp-json\/wp\/v2\/posts\/205\/revisions\/211"}],"wp:featuredmedia":[{"embeddable":true,"href":"http:\/\/www.santaana.gob.ar\/home\/wp-json\/wp\/v2\/media\/206"}],"wp:attachment":[{"href":"http:\/\/www.santaana.gob.ar\/home\/wp-json\/wp\/v2\/media?parent=205"}],"wp:term":[{"taxonomy":"category","embeddable":true,"href":"http:\/\/www.santaana.gob.ar\/home\/wp-json\/wp\/v2\/categories?post=205"},{"taxonomy":"post_tag","embeddable":true,"href":"http:\/\/www.santaana.gob.ar\/home\/wp-json\/wp\/v2\/tags?post=205"}],"curies":[{"name":"wp","href":"https:\/\/api.w.org\/{rel}","templated":true}]}}